{"id":197464,"date":"2022-04-11T18:51:52","date_gmt":"2022-04-11T21:51:52","guid":{"rendered":"https:\/\/diarioregionaldigital.com.br\/?p=197464"},"modified":"2022-04-11T18:51:52","modified_gmt":"2022-04-11T21:51:52","slug":"palacio-das-mangabeiras-abre-as-portas-ao-publico-trazendo-exposicao-de-amilcar-de-castro","status":"publish","type":"post","link":"https:\/\/diarioregionaldigital.com.br\/?p=197464","title":{"rendered":"Pal\u00e1cio das Mangabeiras abre as portas ao p\u00fablico trazendo exposi\u00e7\u00e3o de Amilcar de Castro"},"content":{"rendered":"<p>O Pal\u00e1cio das Mangabeiras, que foi resid\u00eancia oficial dos governadores de Minas Gerais desde a d\u00e9cada de 1950 at\u00e9 o in\u00edcio da gest\u00e3o do governador Romeu Zema, abre suas portas ao p\u00fablico \u2013 mais uma vez \u2013 como o Parque do Pal\u00e1cio. Os visitantes ter\u00e3o oportunidade de usufruir de uma grande \u00e1rea de lazer e fazer uma imers\u00e3o em experi\u00eancias art\u00edsticas, culturais e gastron\u00f4micas em meio aos jardins projetados pelo paisagista Roberto Burle Marx e pela sede atribu\u00edda ao arquiteto Oscar Niemeyer. Zema visitou o local na tarde deste domingo (10\/4) para o evento de inaugura\u00e7\u00e3o do Parque do Pal\u00e1cio. A abertura para visita\u00e7\u00e3o ser\u00e1 a partir do dia 20\/4 com ingressos a pre\u00e7os populares.<\/p>\n<p>O governador destacou o trabalho de sua gest\u00e3o para devolver \u00e0 popula\u00e7\u00e3o os melhores espa\u00e7os e servi\u00e7os p\u00fablicos, empenhando os recursos naquilo que realmente \u00e9 necess\u00e1rio.<\/p>\n<p>\u201cEstamos mostrando que o Estado n\u00e3o precisa fornecer privil\u00e9gio, a vida quase de monarquia para alguns poucos, principalmente em um estado onde as contas s\u00e3o as piores poss\u00edveis, que estava inadimplente com os servidores, com as prefeituras e prestadores de servi\u00e7o. A pol\u00edtica no Brasil precisa se aperfei\u00e7oar muito e, principalmente, ter responsabilidade com aquilo que a grande maioria paga com sacrif\u00edcio gigantesco, e estamos mostrando que \u00e9 poss\u00edvel fazer. Fico muito satisfeito de Minas Gerais mostrar que existe uma maneira diferente de fazer pol\u00edtica, mais respons\u00e1vel e que d\u00e1 mais dignidade \u00e0s pessoas. Parab\u00e9ns aos organizadores e desejo um \u00f3timo evento. \u00c9 uma alegria muito grande presenciar mais uma vez este pr\u00e9dio aberto ao p\u00fablico\u201d, afirmou o governador.<\/p>\n<p>Tamb\u00e9m participaram do evento os secret\u00e1rios de Estado de\u00a0<a href=\"https:\/\/www.secult.mg.gov.br\/\" target=\"_blank\" rel=\"noopener\">Cultura e Turismo<\/a>, Le\u00f4nidas Oliveira; de\u00a0<a href=\"http:\/\/www.desenvolvimento.mg.gov.br\/\" target=\"_blank\" rel=\"noopener\">Desenvolvimento Econ\u00f4mico<\/a>, Fernando Passalio; de\u00a0<a href=\"http:\/\/www.meioambiente.mg.gov.br\/\" target=\"_blank\" rel=\"noopener\">Meio Ambiente e Desenvolvimento Sustent\u00e1vel<\/a>, Mar\u00edlia Melo; a ouvidora-geral do Estado, Simone Deoud; o presidente da\u00a0<a href=\"http:\/\/www.codemge.com.br\/\" target=\"_blank\" rel=\"noopener\">Codemge<\/a>, Thiago Toscano; e demais autoridades e parceiros do evento.<\/p>\n<p><strong>Exposi\u00e7\u00e3o<\/strong><\/p>\n<p>O espa\u00e7o ser\u00e1 aberto com uma exposi\u00e7\u00e3o de obras de Amilcar de Castro, um dos maiores artistas mineiros de todos os tempos e um dos mais significativos da arte brasileira do s\u00e9culo XX. \u201cVamos inaugurar essa exposi\u00e7\u00e3o para estar \u00e0 altura da hist\u00f3ria e de tudo o que o Pal\u00e1cio das Mangabeiras representa. O centen\u00e1rio de Amilcar de Castro foi em 2020, mas n\u00e3o recebeu o destaque merecido em fun\u00e7\u00e3o da pandemia, per\u00edodo em que tudo estava muito restrito. Amilcar foi um artista completo, que produziu desenhos, pinturas, esculturas e poesias. Esta exposi\u00e7\u00e3o dar\u00e1 a cidade a oportunidade de apreciar seu trabalho como escultor\u201d, destaca um dos idealizadores do Parque do Pal\u00e1cio, Jo\u00e3o Grillo.<\/p>\n<p>A exposi\u00e7\u00e3o \u201cEsculturas no Parque\u201d, aprovada pela Lei Federal de Incentivo \u00e0 Cultura, conta com o patroc\u00ednio da Gerdau e re\u00fane 20 esculturas de grande porte \u2013 entre quatro e sete toneladas \u2013 distribu\u00eddas em uma \u00e1rea de quatro mil metros quadrados nos jardins do Pal\u00e1cio. S\u00e3o obras de corte e dobra feitas em a\u00e7o e esculturas de corte tamb\u00e9m em a\u00e7o, cedidas em sua maioria pelo acervo do Instituto Amilcar de Castro, al\u00e9m de outras menores, divididas em tr\u00eas pavilh\u00f5es, com a curadoria de Jo\u00e3o Grillo.<\/p>\n<p><strong>Parque do Pal\u00e1cio<\/strong><\/p>\n<p>Trazendo a proposta de unir arte, natureza, boa mesa a um patrim\u00f4nio hist\u00f3rico, arquitet\u00f4nico e paisag\u00edstico singular de Belo Horizonte, o Parque do Pal\u00e1cio promete uma entrega transformadora ao p\u00fablico. \u201cQueremos que o visitante saia de l\u00e1 enriquecido de alguma maneira, por isso vamos oferecer programa\u00e7\u00f5es de qualidade. \u00a0A ideia \u00e9 que ele seja parte dos roteiros tur\u00edsticos, uma das cinco principais atra\u00e7\u00f5es da cidade, e que as pessoas o tenham como local seguro para desfrutar, contemplar e recarregar as energias\u201d, ressalta Grillo.<\/p>\n<p>Situado ao p\u00e9 da Serra do Curral, no bairro Mangabeiras, na Regi\u00e3o Centro-Sul de Belo Horizonte, o Pal\u00e1cio das Mangabeiras tem, al\u00e9m dos jardins, uma ampla estrutura com sal\u00f5es, quartos e cinema, distribu\u00eddos em 42 mil m\u00b2 de \u00e1rea. Em 2021, sediou a CASACOR Minas Gerais, reconhecida por contribuir com o resgate \u00e0 cultura atrav\u00e9s da recupera\u00e7\u00e3o e restaura\u00e7\u00e3o de diversos patrim\u00f4nios hist\u00f3ricos e por gerar visibilidade e acessibilidade a empreendimentos tombados. O evento j\u00e1 \u00e9 atra\u00e7\u00e3o confirmada para 2022 no Parque do Pal\u00e1cio, e ocupar\u00e1 uma nova \u00e1rea ainda n\u00e3o conhecida do p\u00fablico do evento, de maneira a n\u00e3o interromper o funcionamento do parque.<\/p>\n<p>O novo centro cultural contar\u00e1, tamb\u00e9m, com um espa\u00e7o dedicado aos c\u00f4nsules de Minas Gerais, proposta que ir\u00e1 fomentar as rela\u00e7\u00f5es internacionais na cidade, promovendo interc\u00e2mbio de conhecimentos e neg\u00f3cios, al\u00e9m de alternativa para receber eventos de outros pa\u00edses. A gastronomia, que \u00e9 um dos tra\u00e7os mais marcantes da identidade cultural de Minas Gerais, estar\u00e1 presente por meio de eventos e um restaurante que vai apresentar culin\u00e1ria com ingredientes regionais frescos e t\u00edpicos, um caf\u00e9 e um bar.<\/p>\n<p>A sustentabilidade tamb\u00e9m ser\u00e1 foco. \u201cVamos aproveitar a quantidade de folhas que caem diariamente e transformar em adubo para a futura horta que vai atender ao restaurante e \u00e0 comunidade vizinha. Temos em mente a ideia de oferecer mudas aos visitantes e um trabalho de educa\u00e7\u00e3o ambiental envolvendo especialistas do setor. S\u00e3o muitos os planos para a nova ocupa\u00e7\u00e3o desse emblem\u00e1tico \u00edcone de Belo Horizonte, beneficiando mineiros e turistas de todo o Brasil\u201d, conclui Jo\u00e3o Grillo.<\/p>\n<p><strong>Gest\u00e3o<\/strong><\/p>\n<p>A gest\u00e3o do Parque do Pal\u00e1cio ficar\u00e1 a cargo da empresa MultiCult Promo\u00e7\u00f5es, por meio de acordo de parceria com a Companhia de Desenvolvimento de Minas Gerais (Codemge), C\u00e2mara de Dirigentes Lojistas de Belo Horizonte (CDL\/BH) e Malab Produ\u00e7\u00f5es.<\/p>\n<p>Desde 2019, o Pal\u00e1cio das Mangabeiras est\u00e1 cedido por conv\u00eanio \u00e0 Companhia de Desenvolvimento de Minas Gerais (Codemge). A determina\u00e7\u00e3o partiu do governador Romeu Zema, que, com o objetivo de implementar a\u00e7\u00f5es que agregassem efici\u00eancia \u00e0 administra\u00e7\u00e3o do espa\u00e7o, melhor aproveitamento do im\u00f3vel e boa gest\u00e3o dos recursos p\u00fablicos, abriu m\u00e3o de residir no local e arca com as pr\u00f3prias despesas de moradia na capital mineira. A Multicult \u00e9 a atual gestora do espa\u00e7o e responde pelos gastos com manuten\u00e7\u00e3o, entre outros.<\/p>\n<p><strong>Servi\u00e7o\u00a0<\/strong><\/p>\n<p><strong>Exposi\u00e7\u00e3o Amilcar de Castro\u00a0<\/strong><\/p>\n<p><strong>Data<\/strong>: a partir de 20\/4\/2022<\/p>\n<p><strong>Funcionamento<\/strong>: De quarta-feira a domingo, das 8h \u00e0s 18h<\/p>\n<p><strong>Ingressos<\/strong>: R$10 (inteira) e R$5\u00a0(meia entrada). Entrada franca \u00e0s quartas-feiras mediante retirada de ingresso no Sympla.<\/p>\n<p>Fonte: Ag\u00eancia Minas<\/p>\n","protected":false},"excerpt":{"rendered":"<p>O Pal\u00e1cio das Mangabeiras, que foi resid\u00eancia oficial dos governadores de Minas Gerais desde a d\u00e9cada de 1950 at\u00e9 o in\u00edcio da gest\u00e3o do governador Romeu Zema, abre suas portas ao p\u00fablico \u2013 mais uma vez \u2013 como o Parque do Pal\u00e1cio. Os visitantes ter\u00e3o oportunidade de usufruir de uma grande \u00e1rea de lazer e [&hellip;]<\/p>\n","protected":false},"author":246,"featured_media":197465,"comment_status":"closed","ping_status":"closed","sticky":false,"template":"","format":"standard","meta":{"footnotes":""},"categories":[436,440,254,439],"tags":[],"class_list":["post-197464","post","type-post","status-publish","format-standard","has-post-thumbnail","hentry","category-destaque-da-semana","category-destaques-do-dia","category-politica","category-ultima-hora"],"_links":{"self":[{"href":"https:\/\/diarioregionaldigital.com.br\/index.php?rest_route=\/wp\/v2\/posts\/197464","targetHints":{"allow":["GET"]}}],"collection":[{"href":"https:\/\/diarioregionaldigital.com.br\/index.php?rest_route=\/wp\/v2\/posts"}],"about":[{"href":"https:\/\/diarioregionaldigital.com.br\/index.php?rest_route=\/wp\/v2\/types\/post"}],"author":[{"embeddable":true,"href":"https:\/\/diarioregionaldigital.com.br\/index.php?rest_route=\/wp\/v2\/users\/246"}],"replies":[{"embeddable":true,"href":"https:\/\/diarioregionaldigital.com.br\/index.php?rest_route=%2Fwp%2Fv2%2Fcomments&post=197464"}],"version-history":[{"count":1,"href":"https:\/\/diarioregionaldigital.com.br\/index.php?rest_route=\/wp\/v2\/posts\/197464\/revisions"}],"predecessor-version":[{"id":197466,"href":"https:\/\/diarioregionaldigital.com.br\/index.php?rest_route=\/wp\/v2\/posts\/197464\/revisions\/197466"}],"wp:featuredmedia":[{"embeddable":true,"href":"https:\/\/diarioregionaldigital.com.br\/index.php?rest_route=\/wp\/v2\/media\/197465"}],"wp:attachment":[{"href":"https:\/\/diarioregionaldigital.com.br\/index.php?rest_route=%2Fwp%2Fv2%2Fmedia&parent=197464"}],"wp:term":[{"taxonomy":"category","embeddable":true,"href":"https:\/\/diarioregionaldigital.com.br\/index.php?rest_route=%2Fwp%2Fv2%2Fcategories&post=197464"},{"taxonomy":"post_tag","embeddable":true,"href":"https:\/\/diarioregionaldigital.com.br\/index.php?rest_route=%2Fwp%2Fv2%2Ftags&post=197464"}],"curies":[{"name":"wp","href":"https:\/\/api.w.org\/{rel}","templated":true}]}}