{"id":197461,"date":"2022-04-11T18:48:37","date_gmt":"2022-04-11T21:48:37","guid":{"rendered":"https:\/\/diarioregionaldigital.com.br\/?p=197461"},"modified":"2022-04-11T18:48:37","modified_gmt":"2022-04-11T21:48:37","slug":"conta-de-luz-deve-ter-bandeira-verde-ate-o-fim-do-ano-diz-ons","status":"publish","type":"post","link":"https:\/\/diarioregionaldigital.com.br\/?p=197461","title":{"rendered":"Conta de luz deve ter bandeira verde at\u00e9 o fim do ano, diz ONS"},"content":{"rendered":"<p>Cinco dias ap\u00f3s o presidente Jair Bolsonaro anunciar o\u00a0<a href=\"https:\/\/agenciabrasil.ebc.com.br\/politica\/noticia\/2022-04\/governo-anuncia-fim-da-tarifa-extra-para-consumidores-de-energia\" target=\"_blank\" rel=\"noopener\">fim de bandeira de escassez h\u00eddrica<\/a>\u00a0na conta de luz e a entrada em vigor da bandeira verde a partir de 16 de abril, o Operador Nacional do Sistema El\u00e9trico (ONS) informou que ela deve vir pra ficar. Novas mudan\u00e7as n\u00e3o s\u00e3o esperadas at\u00e9 o fim de ano. Isso significa que provavelmente as tarifas n\u00e3o voltar\u00e3o a sofrer acr\u00e9scimos em 2022.<img decoding=\"async\" src=\"https:\/\/agenciabrasil.ebc.com.br\/ebc.png?id=1453410&amp;o=node\" \/><img decoding=\"async\" src=\"https:\/\/agenciabrasil.ebc.com.br\/ebc.gif?id=1453410&amp;o=node\" \/><\/p>\n<p>&#8220;Essa \u00e9 a expectativa&#8221;, disse hoje (11) Luiz Carlos Ciocchi, diretor-geral do ONS. A entidade \u00e9 respons\u00e1vel por coordenar e controlar as opera\u00e7\u00f5es de gera\u00e7\u00e3o e transmiss\u00e3o de energia el\u00e9trica do Sistema Interligado Nacional (SIN).<\/p>\n<p>O sistema de bandeiras tarif\u00e1rias \u00e9 o que define o real custo da energia. Quando as condi\u00e7\u00f5es de gera\u00e7\u00e3o de energia n\u00e3o s\u00e3o favor\u00e1veis, \u00e9 preciso acionar as usinas termel\u00e9tricas, elevando os custos. Assim, cobran\u00e7as adicionais t\u00eam por objetivo cobrir a diferen\u00e7a e tamb\u00e9m funcionam para frear o consumo.<\/p>\n<p>Quando vigora a bandeira verde, n\u00e3o h\u00e1 acr\u00e9scimos na conta de luz. J\u00e1 na bandeira amarela, o consumidor paga um adicional de R$ 0,01874 para cada quilowatt-hora (kWh). A bandeira vermelha \u00e9 dividida: no patamar 1, o acr\u00e9scimo \u00e9 de R$ 0,03971 e no patamar 2 \u00e9 de R$ 0,09492.<\/p>\n<p>No ano passado,\u00a0<a href=\"https:\/\/agenciabrasil.ebc.com.br\/economia\/noticia\/2021-08\/aneel-cria-nova-bandeira-tarifaria-e-conta-de-luz-fica-mais-cara\" target=\"_blank\" rel=\"noopener\">foi criada a bandeira<\/a>\u00a0de escassez h\u00eddrica, que fixa um acr\u00e9scimo de R$ 14,20 a cada 100 kWh consumidos. Ela estava vigente h\u00e1 sete meses, desde setembro. Segundo o governo federal, a medida era necess\u00e1ria para compensar os custos da gera\u00e7\u00e3o de energia, que ficaram mais caros em consequ\u00eancia do per\u00edodo seco em 2021, apontado como o pior em 91 anos.<\/p>\n<p>Ciocchi afirmou que, com o volume de chuvas registrado desde o fim do ano passado, a atual situa\u00e7\u00e3o dos reservat\u00f3rios das usinas hidrel\u00e9tricas permitir\u00e1 ao pa\u00eds atravessar o restante do ano de forma mais tranquila e segura do que em 2021. &#8220;Sudeste e Centro-Oeste terminam o per\u00edodo de chuvas no melhor n\u00edvel desde 2012&#8221;, observou.<\/p>\n<p>Segundo o diretor-geral da ONS, a gera\u00e7\u00e3o t\u00e9rmica dever\u00e1 se limitar \u00e0s usinas inflex\u00edveis, que s\u00e3o aquelas que n\u00e3o podem parar e que possuem uma capacidade em torno de 4 mil MW (megawatts). Nos piores momentos da crise h\u00eddrica de 2021, as t\u00e9rmicas respondiam por mais de 20 mil MW.<\/p>\n<p>Atualmente, as hidrel\u00e9tricas s\u00e3o respons\u00e1veis por cerca de 65% da gera\u00e7\u00e3o de energia no pa\u00eds. A matriz brasileira vem sendo modificada nos \u00faltimos anos com o crescimento de novas fontes renov\u00e1veis, como e\u00f3lica, que j\u00e1 representa aproximadamente 9% do total.<\/p>\n<p>Apesar da recupera\u00e7\u00e3o das usinas hidrel\u00e9tricas, Ciocchi considera ter sido acertada a\u00a0<a href=\"https:\/\/agenciabrasil.ebc.com.br\/economia\/noticia\/2021-10\/aneel-aprova-leilao-para-contratacao-emergencial-de-energia-eletrica\" target=\"_blank\" rel=\"noopener\">decis\u00e3o do governo de contratar t\u00e9rmicas<\/a>\u00a0emergenciais no ano passado. Elas dever\u00e3o garantir, at\u00e9 dezembro de 2025, a reserva de energia que era considerada necess\u00e1ria para uma recupera\u00e7\u00e3o de longo prazo. &#8220;Na hora que tomamos a decis\u00e3o, existia uma incerteza muito grande. T\u00ednhamos duas escolhas: o arrependimento de contratar e o arrependimento de n\u00e3o contratar&#8221;, pontuou.<\/p>\n<p>Fonte: Ag\u00eancia Brasil<\/p>\n","protected":false},"excerpt":{"rendered":"<p>Cinco dias ap\u00f3s o presidente Jair Bolsonaro anunciar o\u00a0fim de bandeira de escassez h\u00eddrica\u00a0na conta de luz e a entrada em vigor da bandeira verde a partir de 16 de abril, o Operador Nacional do Sistema El\u00e9trico (ONS) informou que ela deve vir pra ficar. Novas mudan\u00e7as n\u00e3o s\u00e3o esperadas at\u00e9 o fim de ano. [&hellip;]<\/p>\n","protected":false},"author":246,"featured_media":197462,"comment_status":"closed","ping_status":"closed","sticky":false,"template":"","format":"standard","meta":{"footnotes":""},"categories":[436,261,439],"tags":[],"class_list":["post-197461","post","type-post","status-publish","format-standard","has-post-thumbnail","hentry","category-destaque-da-semana","category-economia","category-ultima-hora"],"_links":{"self":[{"href":"https:\/\/diarioregionaldigital.com.br\/index.php?rest_route=\/wp\/v2\/posts\/197461","targetHints":{"allow":["GET"]}}],"collection":[{"href":"https:\/\/diarioregionaldigital.com.br\/index.php?rest_route=\/wp\/v2\/posts"}],"about":[{"href":"https:\/\/diarioregionaldigital.com.br\/index.php?rest_route=\/wp\/v2\/types\/post"}],"author":[{"embeddable":true,"href":"https:\/\/diarioregionaldigital.com.br\/index.php?rest_route=\/wp\/v2\/users\/246"}],"replies":[{"embeddable":true,"href":"https:\/\/diarioregionaldigital.com.br\/index.php?rest_route=%2Fwp%2Fv2%2Fcomments&post=197461"}],"version-history":[{"count":1,"href":"https:\/\/diarioregionaldigital.com.br\/index.php?rest_route=\/wp\/v2\/posts\/197461\/revisions"}],"predecessor-version":[{"id":197463,"href":"https:\/\/diarioregionaldigital.com.br\/index.php?rest_route=\/wp\/v2\/posts\/197461\/revisions\/197463"}],"wp:featuredmedia":[{"embeddable":true,"href":"https:\/\/diarioregionaldigital.com.br\/index.php?rest_route=\/wp\/v2\/media\/197462"}],"wp:attachment":[{"href":"https:\/\/diarioregionaldigital.com.br\/index.php?rest_route=%2Fwp%2Fv2%2Fmedia&parent=197461"}],"wp:term":[{"taxonomy":"category","embeddable":true,"href":"https:\/\/diarioregionaldigital.com.br\/index.php?rest_route=%2Fwp%2Fv2%2Fcategories&post=197461"},{"taxonomy":"post_tag","embeddable":true,"href":"https:\/\/diarioregionaldigital.com.br\/index.php?rest_route=%2Fwp%2Fv2%2Ftags&post=197461"}],"curies":[{"name":"wp","href":"https:\/\/api.w.org\/{rel}","templated":true}]}}