{"id":197457,"date":"2022-04-11T18:47:16","date_gmt":"2022-04-11T21:47:16","guid":{"rendered":"https:\/\/diarioregionaldigital.com.br\/?p=197457"},"modified":"2022-04-11T18:47:16","modified_gmt":"2022-04-11T21:47:16","slug":"fgv-ve-desaceleracao-na-cesta-de-pascoa-este-ano","status":"publish","type":"post","link":"https:\/\/diarioregionaldigital.com.br\/?p=197457","title":{"rendered":"FGV v\u00ea desacelera\u00e7\u00e3o na cesta de P\u00e1scoa este ano"},"content":{"rendered":"<p>Pesquisa divulgada pelo Instituto Brasileiro de Economia da Funda\u00e7\u00e3o Getulio Vargas (Ibre\/FGV) revela que os itens mais consumidos na P\u00e1scoa tiveram aumento de 3,93% nos \u00faltimos 12 meses, bem abaixo da infla\u00e7\u00e3o acumulada entre abril de 2021 e mar\u00e7o deste ano pelo \u00cdndice de Pre\u00e7os ao Consumidor \u2013 Mercado (IPC-M) da FGV, da ordem de 9,18%. O resultado apurado sinaliza tamb\u00e9m para uma forte desacelera\u00e7\u00e3o de pre\u00e7os em compara\u00e7\u00e3o ao ano passado, quando a cesta cresceu 25,36%.<img decoding=\"async\" src=\"https:\/\/agenciabrasil.ebc.com.br\/ebc.png?id=1453409&amp;o=node\" \/><img decoding=\"async\" src=\"https:\/\/agenciabrasil.ebc.com.br\/ebc.gif?id=1453409&amp;o=node\" \/><\/p>\n<p>Segundo informou o economista e pesquisador do Ibre\/FGV, Matheus Pe\u00e7anha, ao contr\u00e1rio do ano passado, quando problemas clim\u00e1ticos e a desvaloriza\u00e7\u00e3o cambial afetaram tanto a produ\u00e7\u00e3o nacional do campo como os importados, o problema de mon\u00e7\u00f5es em 2022 e o fim da seca generalizada fizeram os produtos hortifrutigranjeiros assumirem o protagonismo da infla\u00e7\u00e3o. Ao mesmo tempo, permitiram que o arroz, que subiu 60,83% nos \u00faltimos 12 meses, mostrasse defla\u00e7\u00e3o de 12,20 na P\u00e1scoa deste ano. Entre os produtos que mais subiram, o economista destacou os relacionados aos hortifruti, prote\u00ednas e importados, como couve (21,50%), batata-inglesa (18,43%), sardinha em conserva (16,44%), azeite (15,63%), azeitona em conserva (14,38%) e bacalhau (11,50%). Pe\u00e7anha informou que se o arroz fosse retirado da cesta, a infla\u00e7\u00e3o dos itens de P\u00e1scoa seria superior ao IPC-M, alcan\u00e7ando 9,79%.<\/p>\n<p>Advertiu, entretanto, que o consumidor deve ficar atento em rela\u00e7\u00e3o aos pre\u00e7os praticados nesta semana da P\u00e1scoa. Matheus Pe\u00e7anha disse que al\u00e9m do aumento j\u00e1 registrado de 8,33% do pescado fresco e 9,89% dos ovos, os pre\u00e7os desses itens tradicionais pode subir ainda mais, devido \u00e0 press\u00e3o sazonal da demanda \u00e0s v\u00e9speras da Semana Santa. Indicou tamb\u00e9m que ovos e colombas de P\u00e1scoa, que n\u00e3o s\u00e3o contemplados no IPC, devem, do mesmo modo, ser pressionados pela tradi\u00e7\u00e3o da \u00e9poca.<\/p>\n<h2>Importados<\/h2>\n<p>A Confedera\u00e7\u00e3o Nacional do Com\u00e9rcio de Bens, Servi\u00e7os e Turismo (CNC) salientou que a valoriza\u00e7\u00e3o do real impactou a quantidade importada do principal produto na P\u00e1scoa, o bacalhau, em virtude do recuo de 12% da taxa de c\u00e2mbio, que passou de R$ 5,70, na P\u00e1scoa de 2021, para perto de R$ 5 atualmente. Registros da Secretaria de Com\u00e9rcio Exterior (Secex), apurados pela CNC, mostram que o bacalhau teve queda de 17% nas quantidades importadas frente \u00e0 P\u00e1scoa de 2021. Com isso, o pre\u00e7o caiu 3%, contra a alta de 3,3% verificada em igual per\u00edodo do ano passado. J\u00e1 a quantidade importada de chocolates somou este ano 1,43 mil toneladas, com expans\u00e3o de 8% em rela\u00e7\u00e3o ao ano passado. O aumento n\u00e3o foi suficiente, contudo, para igualar as compras de 2019 (1,87 mil toneladas). Os pre\u00e7os dos chocolates subiram 8,5%, com desacelera\u00e7\u00e3o ante os 8,8% registrados na mesma \u00e9poca de 2021.<\/p>\n<p>De acordo com an\u00e1lise da CNC, \u201ca queda nas importa\u00e7\u00f5es de bacalhau, na contram\u00e3o do aumento das quantidades importadas de produtos \u00e0 base de chocolates, \u00e9 um ind\u00edcio de que o varejo est\u00e1 apostando na melhor sa\u00edda de produtos mais baratos a partir da acelera\u00e7\u00e3o dos \u00edndices gerais de pre\u00e7os\u201d. A cesta de bens e servi\u00e7os medida pela CNC sinaliza que todos os oito itens da P\u00e1scoa dever\u00e3o estar mais caros 7% que na P\u00e1scoa de 2021 (5,2%). Essa \u00e9 a maior alta desde 2016, quando a cesta subiu 10,3%. A cesta \u00e9 medida pelo \u00cdndice de Pre\u00e7os ao Consumidor Amplo \u201315 (IPCA-15), que subiu 10,5% em 12 meses.<\/p>\n<p>As maiores altas foram observadas em bolos e azeite de oliva (15,1% e 12,6%, respectivamente). Os pescados, que na P\u00e1scoa de 2021 tiveram pre\u00e7os com alta de 3,5%, este ano evolu\u00edram para 4,8%, apontou a CNC.<\/p>\n<h2>Faturamento<\/h2>\n<p>De acordo com o levantamento da CNC, apesar da valoriza\u00e7\u00e3o do real, a elevada infla\u00e7\u00e3o no pa\u00eds dever\u00e1 fazer com que o varejo nacional tenha vendas nesta P\u00e1scoa com aumento real, isto \u00e9, descontada a infla\u00e7\u00e3o, de apenas 1,9%, comparativamente \u00e0 P\u00e1scoa de 2021, totalizando R$ 2,16 bilh\u00f5es. A CNC observou, no entanto, que apesar da alta, o volume movimentado se encontra 5,7% abaixo do alcan\u00e7ado em 2019 (R$ 2,29 bilh\u00f5es), antes do in\u00edcio da pandemia da covid-19. Em 2020, o varejo registrou o menor volume de vendas em dez anos, da ordem de R$ 1,67 bilh\u00e3o.<\/p>\n<p>Pesquisa do Instituto Fecom\u00e9rcio de Pesquisas e An\u00e1lises (IFec RJ), realizada entre os dias 25 e 30 de mar\u00e7o com 613 pessoas, mostra que 49,6% dos consumidores fluminenses pretendem presentear algu\u00e9m nesta P\u00e1scoa, contra 50,4% que n\u00e3o t\u00eam inten\u00e7\u00e3o de dar presentes no per\u00edodo. No ano passado, os n\u00fameros eram, respectivamente, de 59,6% e 40,4%.<\/p>\n<p>O gasto m\u00e9dio com as compras dos presentes deve ficar em torno dos R$ 120, com eleva\u00e7\u00e3o de R$ 11 em compara\u00e7\u00e3o ao mesmo per\u00edodo de 2021. O resultado \u00e9 que a movimenta\u00e7\u00e3o financeira no estado do Rio de Janeiro com as compras de P\u00e1scoa ser\u00e1 de R$ 459 milh\u00f5es em 2022, n\u00famero superior aos R$ 435 milh\u00f5es do ano passado.<\/p>\n<p>O diretor do IFec RJ, Jo\u00e3o Gomes, ressaltou que, como o valor m\u00e9dio da compra subiu em rela\u00e7\u00e3o \u00e0 P\u00e1scoa de 2021, mesmo com percentual menor de pessoas comprando presentes agora, o volume total financeiro aumentou um pouco este ano. O levantamento revela que o ovo de P\u00e1scoa \u00e9 o preferido de 56,3% dos fluminenses, seguido dos bombons (43,8%) e das barras de chocolate (41,4%).<\/p>\n<p>No com\u00e9rcio carioca, a diversifica\u00e7\u00e3o na troca de presentes, al\u00e9m do chocolate, \u00e9 a aposta dos lojistas, que estimam aumento m\u00e9dio nas vendas de 2%, na P\u00e1scoa deste ano: 68% acreditam em aumento de 2% nas vendas; 24% em crescimento de 4% e, para 8%, as vendas ser\u00e3o iguais \u00e0s da P\u00e1scoa do ano passado. \u00c9 o que mostra pesquisa do Clube dos Diretores Lojistas do Rio de Janeiro (CDLRio) e do SindilojasRio, que ouviu 500 lojistas da cidade do Rio de Janeiro para conhecer a expectativa dos empres\u00e1rios e como eles se prepararam para a P\u00e1scoa.<\/p>\n<p>O presidente das duas entidades, Aldo Gon\u00e7alves, informou que o com\u00e9rcio est\u00e1 apostando que a P\u00e1scoa n\u00e3o se limitar\u00e1 \u00e0 troca de ovos de chocolate e bombons, mas de outros produtos, como bichos de pel\u00facia, brinquedos, jogos eletr\u00f4nicos, cart\u00f5es criativos, roupas (infantis e de adultos), joias e bijuterias, entre outros artigos. \u201cPor isso os empres\u00e1rios est\u00e3o inovando a cada ano na data para seduzir os consumidores, direcionando o foco nesta \u00e9poca n\u00e3o apenas para as crian\u00e7as, mas tamb\u00e9m para os adultos, atraindo aten\u00e7\u00e3o especial dos casais, principalmente dos namorados\u201d, afirmou Gon\u00e7alves.<\/p>\n<p>Para 65% dos lojistas ouvidos pelo CDL Rio, o pre\u00e7o m\u00e9dio dos presentes deve ficar em torno de R$ 150,00 por pessoa; para 25%, at\u00e9 R$ 200,00; para 8%, at\u00e9 R$ 260,00 e, para 2%, acima de R$ 270,00.<\/p>\n<p>Fonte: Ag\u00eancia Brasil<\/p>\n","protected":false},"excerpt":{"rendered":"<p>Pesquisa divulgada pelo Instituto Brasileiro de Economia da Funda\u00e7\u00e3o Getulio Vargas (Ibre\/FGV) revela que os itens mais consumidos na P\u00e1scoa tiveram aumento de 3,93% nos \u00faltimos 12 meses, bem abaixo da infla\u00e7\u00e3o acumulada entre abril de 2021 e mar\u00e7o deste ano pelo \u00cdndice de Pre\u00e7os ao Consumidor \u2013 Mercado (IPC-M) da FGV, da ordem de [&hellip;]<\/p>\n","protected":false},"author":246,"featured_media":197458,"comment_status":"closed","ping_status":"closed","sticky":false,"template":"","format":"standard","meta":{"footnotes":""},"categories":[436,261,439],"tags":[],"class_list":["post-197457","post","type-post","status-publish","format-standard","has-post-thumbnail","hentry","category-destaque-da-semana","category-economia","category-ultima-hora"],"_links":{"self":[{"href":"https:\/\/diarioregionaldigital.com.br\/index.php?rest_route=\/wp\/v2\/posts\/197457","targetHints":{"allow":["GET"]}}],"collection":[{"href":"https:\/\/diarioregionaldigital.com.br\/index.php?rest_route=\/wp\/v2\/posts"}],"about":[{"href":"https:\/\/diarioregionaldigital.com.br\/index.php?rest_route=\/wp\/v2\/types\/post"}],"author":[{"embeddable":true,"href":"https:\/\/diarioregionaldigital.com.br\/index.php?rest_route=\/wp\/v2\/users\/246"}],"replies":[{"embeddable":true,"href":"https:\/\/diarioregionaldigital.com.br\/index.php?rest_route=%2Fwp%2Fv2%2Fcomments&post=197457"}],"version-history":[{"count":2,"href":"https:\/\/diarioregionaldigital.com.br\/index.php?rest_route=\/wp\/v2\/posts\/197457\/revisions"}],"predecessor-version":[{"id":197460,"href":"https:\/\/diarioregionaldigital.com.br\/index.php?rest_route=\/wp\/v2\/posts\/197457\/revisions\/197460"}],"wp:featuredmedia":[{"embeddable":true,"href":"https:\/\/diarioregionaldigital.com.br\/index.php?rest_route=\/wp\/v2\/media\/197458"}],"wp:attachment":[{"href":"https:\/\/diarioregionaldigital.com.br\/index.php?rest_route=%2Fwp%2Fv2%2Fmedia&parent=197457"}],"wp:term":[{"taxonomy":"category","embeddable":true,"href":"https:\/\/diarioregionaldigital.com.br\/index.php?rest_route=%2Fwp%2Fv2%2Fcategories&post=197457"},{"taxonomy":"post_tag","embeddable":true,"href":"https:\/\/diarioregionaldigital.com.br\/index.php?rest_route=%2Fwp%2Fv2%2Ftags&post=197457"}],"curies":[{"name":"wp","href":"https:\/\/api.w.org\/{rel}","templated":true}]}}