{"id":197437,"date":"2022-04-08T18:56:41","date_gmt":"2022-04-08T21:56:41","guid":{"rendered":"https:\/\/diarioregionaldigital.com.br\/?p=197437"},"modified":"2022-04-08T18:56:41","modified_gmt":"2022-04-08T21:56:41","slug":"o-ser-absoluto-parmenides-contempla-o-eterno","status":"publish","type":"post","link":"https:\/\/diarioregionaldigital.com.br\/?p=197437","title":{"rendered":"O Ser Absoluto: Parm\u00eanides contempla o Eterno"},"content":{"rendered":"<p>\u201cJesus Cristo \u00e9 o mesmo ontem, hoje e sempre\u201d (Hebreus 13: 8). No alvorecer da filosofia grega, dois pensadores protagonizaram uma das mais interessantes controv\u00e9rsias da hist\u00f3ria. S\u00e3o eles Her\u00e1clito e Parm\u00eanides.<\/p>\n<p>Para o primeiro, a realidade \u00e9 um cont\u00ednuo fluxo, o Kosmos se assemelha a um rio cujas correntes s\u00e3o o perp\u00e9tuo movimento e a mudan\u00e7a \u00e9 permanente.<\/p>\n<p>Para o segundo, o que \u201c\u00e9\u201d jamais pode mudar, pois se mudar \u00e9 sinal de que \u201cn\u00e3o \u00e9\u201d. Mas concorda que nossos sentidos percebem que no mundo tudo est\u00e1 em constante mudan\u00e7a, logo, conclui que se o que vemos aqui est\u00e1 se transformando \u201co ser\u201d n\u00e3o pode estar no mundo.<\/p>\n<p>Parm\u00eanides estava desenvolvendo uma brilhante intui\u00e7\u00e3o que apontava para o Ser Absoluto inalcan\u00e7\u00e1vel pelos nossos sentidos, que n\u00e3o habita nesta realidade pois \u00e9 puro, perfeito e eterno. Aquele que era, \u00e9 e permanecer\u00e1 sendo o mesmo, ontem, hoje e sempre.<\/p>\n<p>Parm\u00eanides n\u00e3o teve contato com a B\u00edblia, mas seu g\u00eanio agu\u00e7ado contemplou pelas lentes da l\u00f3gica Aquele que \u00e9 Pleno.<\/p>\n<p>No mundo, tudo muda. Todas as coisas que vemos est\u00e3o em processo de constante mudan\u00e7a, nada \u00e9 est\u00e1tico nem perene. Os nossos sentidos n\u00e3o se habituaram a lidar com a const\u00e2ncia pois, ao nosso redor, tudo est\u00e1 se transformando.<\/p>\n<p>Mas existe um plano no qual est\u00e1 estabelecida a perman\u00eancia, onde o tempo n\u00e3o exerce seu implac\u00e1vel poder, nada est\u00e1 para acontecer, pois ali est\u00e1 o SER.<\/p>\n<p>Esse \u00e9 o plano da eternidade! O plano do Deus Pai, do Deus Filho e do Deus Esp\u00edrito Santo.<\/p>\n<p>\u201cO ser\u201d n\u00e3o muda, ele n\u00e3o \u201cvir\u00e1 a ser\u201d, pois ele \u00c9, e o que \u00c9 permanece sendo sem nunca mudar. N\u00f3s n\u00e3o conhecemos nenhum \u201cser\u201d aqui na Terra, s\u00f3 podemos contemplar \u201co ser\u201d pelos olhos da f\u00e9, s\u00f3 enxergamos o Eterno quando olhamos para Cristo.<\/p>\n<p>Pois como parte da ess\u00eancia de Deus, Cristo \u00e9 inalter\u00e1vel, ele \u00e9 o mesmo, permanente e imut\u00e1vel. Desde a eternidade at\u00e9 a eternidade, Cristo \u00e9 o mesmo, ontem, hoje e sempre.<\/p>\n<p>\u201cRespondeu Jesus: \u2018Eu lhes afirmo que antes de Abra\u00e3o nascer, Eu Sou!\u2019\u201d(Jo\u00e3o 8: 58)<\/p>\n<p>Se os costumes sociais mudam, a Palavra de Deus n\u00e3o muda!!! Por isso, ningu\u00e9m est\u00e1 habilitado a acorrent\u00e1-la aos paradigmas deste tempo ou de qualquer outro. Nada nem ningu\u00e9m tem autoridade ou o direito de adulterar o significado profundo da mensagem do Eterno.<\/p>\n<p>Se h\u00e1 quem deve se adequar, somos n\u00f3s! Deixando de lado nossa t\u00edpica arrog\u00e2ncia enquanto esp\u00e9cie, devemos nos adequar \u00e0 vontade de Deus, n\u00e3o a vontade de Deus \u00e0 n\u00f3s, nossa sociedade ou ao nosso presente momento hist\u00f3rico.<\/p>\n<p>Al\u00e9m disso, n\u00e3o precisamos temer que Deus tenha deixado Suas promessas na corrente do tempo, n\u00e3o!!! N\u00f3s estamos sob o manto da gra\u00e7a desde que Cristo se esvaziou de sua gl\u00f3ria, veio a este planeta e nos disse \u201ceis-me aqui\u201d!!!<\/p>\n<p>Devemos confiar na esperan\u00e7a que Deus nos mostra nas Sagradas Escrituras, pois Seu plano compartilha de Sua ess\u00eancia, a ess\u00eancia eterna que n\u00e3o se submete ao tempo que muda.<\/p>\n<p>O nosso Rei continua a interceder por n\u00f3s e seu sangue segue sendo a garantia de uma Nova Alian\u00e7a. A esperan\u00e7a que h\u00e1 no Filho \u00e9 permanente. Nossa certeza jamais deve ser abalada, pois a raz\u00e3o da nossa f\u00e9 \u00e9 a mesma ontem, hoje e sempre!<\/p>\n","protected":false},"excerpt":{"rendered":"<p>\u201cJesus Cristo \u00e9 o mesmo ontem, hoje e sempre\u201d (Hebreus 13: 8). No alvorecer da filosofia grega, dois pensadores protagonizaram uma das mais interessantes controv\u00e9rsias da hist\u00f3ria. S\u00e3o eles Her\u00e1clito e Parm\u00eanides. Para o primeiro, a realidade \u00e9 um cont\u00ednuo fluxo, o Kosmos se assemelha a um rio cujas correntes s\u00e3o o perp\u00e9tuo movimento e [&hellip;]<\/p>\n","protected":false},"author":96,"featured_media":0,"comment_status":"closed","ping_status":"closed","sticky":false,"template":"","format":"standard","meta":{"footnotes":""},"categories":[1244],"tags":[],"class_list":["post-197437","post","type-post","status-publish","format-standard","hentry","category-oleg-abramov"],"_links":{"self":[{"href":"https:\/\/diarioregionaldigital.com.br\/index.php?rest_route=\/wp\/v2\/posts\/197437","targetHints":{"allow":["GET"]}}],"collection":[{"href":"https:\/\/diarioregionaldigital.com.br\/index.php?rest_route=\/wp\/v2\/posts"}],"about":[{"href":"https:\/\/diarioregionaldigital.com.br\/index.php?rest_route=\/wp\/v2\/types\/post"}],"author":[{"embeddable":true,"href":"https:\/\/diarioregionaldigital.com.br\/index.php?rest_route=\/wp\/v2\/users\/96"}],"replies":[{"embeddable":true,"href":"https:\/\/diarioregionaldigital.com.br\/index.php?rest_route=%2Fwp%2Fv2%2Fcomments&post=197437"}],"version-history":[{"count":1,"href":"https:\/\/diarioregionaldigital.com.br\/index.php?rest_route=\/wp\/v2\/posts\/197437\/revisions"}],"predecessor-version":[{"id":197438,"href":"https:\/\/diarioregionaldigital.com.br\/index.php?rest_route=\/wp\/v2\/posts\/197437\/revisions\/197438"}],"wp:attachment":[{"href":"https:\/\/diarioregionaldigital.com.br\/index.php?rest_route=%2Fwp%2Fv2%2Fmedia&parent=197437"}],"wp:term":[{"taxonomy":"category","embeddable":true,"href":"https:\/\/diarioregionaldigital.com.br\/index.php?rest_route=%2Fwp%2Fv2%2Fcategories&post=197437"},{"taxonomy":"post_tag","embeddable":true,"href":"https:\/\/diarioregionaldigital.com.br\/index.php?rest_route=%2Fwp%2Fv2%2Ftags&post=197437"}],"curies":[{"name":"wp","href":"https:\/\/api.w.org\/{rel}","templated":true}]}}