{"id":197433,"date":"2022-04-08T18:38:35","date_gmt":"2022-04-08T21:38:35","guid":{"rendered":"https:\/\/diarioregionaldigital.com.br\/?p=197433"},"modified":"2022-04-08T18:38:35","modified_gmt":"2022-04-08T21:38:35","slug":"pcmg-esclarece-caso-de-homicidio-ocorridono-bairro-vila-olavo-costa","status":"publish","type":"post","link":"https:\/\/diarioregionaldigital.com.br\/?p=197433","title":{"rendered":"PCMG esclarece caso de homic\u00eddio ocorridono bairro Vila Olavo Costa"},"content":{"rendered":"<p>A Pol\u00edcia Civil de Minas Gerais (PCMG) elucidou o homic\u00eddio consumado cometido no dia 13 de janeiro, no munic\u00edpio de Juiz de Fora, na Zona da Mata mineira, pertencente ao 4\u00ba Departamento. Na ocasi\u00e3o, a v\u00edtima, de 18 anos, foi morta a tiros, no bairro Vila Olavo Costa. Ap\u00f3s trabalhos investigativos realizados pela Delegacia Especializada de Homic\u00eddios, o inqu\u00e9rito policial foi relatado e encaminhado \u00e0 Justi\u00e7a, com o pedido de pris\u00e3o de um investigado e de acautelamento de dois adolescentes, de 13 e 16 anos. Um rapaz, de 19 anos, \u00e9 suspeito de ter praticado esse crime, assim como o homic\u00eddio tentado ocorrido no dia 25 de mar\u00e7o, no mesmo bairro.<\/p>\n<p>Durante coletiva de imprensa, o titular da Delegacia Especializada, Rodrigo Rolli, explicou que o crime teria sido cometido em virtude do tr\u00e1fico de drogas. \u201cO maior e um dos menores executaram a v\u00edtima\u201d, contou, informando que o outro adolescente permaneceu no ve\u00edculo utilizado no dia do crime e tamb\u00e9m teria participa\u00e7\u00e3o no ato infracional. Segundo o delegado, o suspeito adulto tem passagens na Pol\u00edcia por tr\u00e1fico, inclusive, quando adolescente, tamb\u00e9m teria praticado atos infracionais. \u201c\u00c9 envolvido com o tr\u00e1fico, com a mercancia de entorpecentes no bairro Vila Olavo Costa e adjac\u00eancias\u201d, disse.<\/p>\n<p>Conforme informa\u00e7\u00f5es do inspetor Anderson Gibi, a Pol\u00edcia Civil apura o homic\u00eddio tentado ocorrido em mar\u00e7o, no mesmo bairro, onde a v\u00edtima, de 22 anos, foi surpreendida na resid\u00eancia dela com disparos de arma de fogo na dire\u00e7\u00e3o dela. Al\u00e9m da participa\u00e7\u00e3o do adulto na pr\u00e1tica criminosa, tamb\u00e9m teria praticado ato infracional an\u00e1logo ao crime de homic\u00eddio tentado o mesmo jovem de 16 anos, envolvido no homic\u00eddio consumado ocorrido em janeiro no munic\u00edpio. Os trabalhos investigativos prosseguem.<\/p>\n","protected":false},"excerpt":{"rendered":"<p>A Pol\u00edcia Civil de Minas Gerais (PCMG) elucidou o homic\u00eddio consumado cometido no dia 13 de janeiro, no munic\u00edpio de Juiz de Fora, na Zona da Mata mineira, pertencente ao 4\u00ba Departamento. Na ocasi\u00e3o, a v\u00edtima, de 18 anos, foi morta a tiros, no bairro Vila Olavo Costa. Ap\u00f3s trabalhos investigativos realizados pela Delegacia Especializada [&hellip;]<\/p>\n","protected":false},"author":246,"featured_media":197434,"comment_status":"closed","ping_status":"closed","sticky":false,"template":"","format":"standard","meta":{"footnotes":""},"categories":[301,439],"tags":[],"class_list":["post-197433","post","type-post","status-publish","format-standard","has-post-thumbnail","hentry","category-artigos-policiais","category-ultima-hora"],"_links":{"self":[{"href":"https:\/\/diarioregionaldigital.com.br\/index.php?rest_route=\/wp\/v2\/posts\/197433","targetHints":{"allow":["GET"]}}],"collection":[{"href":"https:\/\/diarioregionaldigital.com.br\/index.php?rest_route=\/wp\/v2\/posts"}],"about":[{"href":"https:\/\/diarioregionaldigital.com.br\/index.php?rest_route=\/wp\/v2\/types\/post"}],"author":[{"embeddable":true,"href":"https:\/\/diarioregionaldigital.com.br\/index.php?rest_route=\/wp\/v2\/users\/246"}],"replies":[{"embeddable":true,"href":"https:\/\/diarioregionaldigital.com.br\/index.php?rest_route=%2Fwp%2Fv2%2Fcomments&post=197433"}],"version-history":[{"count":2,"href":"https:\/\/diarioregionaldigital.com.br\/index.php?rest_route=\/wp\/v2\/posts\/197433\/revisions"}],"predecessor-version":[{"id":197436,"href":"https:\/\/diarioregionaldigital.com.br\/index.php?rest_route=\/wp\/v2\/posts\/197433\/revisions\/197436"}],"wp:featuredmedia":[{"embeddable":true,"href":"https:\/\/diarioregionaldigital.com.br\/index.php?rest_route=\/wp\/v2\/media\/197434"}],"wp:attachment":[{"href":"https:\/\/diarioregionaldigital.com.br\/index.php?rest_route=%2Fwp%2Fv2%2Fmedia&parent=197433"}],"wp:term":[{"taxonomy":"category","embeddable":true,"href":"https:\/\/diarioregionaldigital.com.br\/index.php?rest_route=%2Fwp%2Fv2%2Fcategories&post=197433"},{"taxonomy":"post_tag","embeddable":true,"href":"https:\/\/diarioregionaldigital.com.br\/index.php?rest_route=%2Fwp%2Fv2%2Ftags&post=197433"}],"curies":[{"name":"wp","href":"https:\/\/api.w.org\/{rel}","templated":true}]}}