{"id":197427,"date":"2022-04-08T18:33:20","date_gmt":"2022-04-08T21:33:20","guid":{"rendered":"https:\/\/diarioregionaldigital.com.br\/?p=197427"},"modified":"2022-04-08T18:33:20","modified_gmt":"2022-04-08T21:33:20","slug":"programa-boniteza-realiza-poda-de-arvores-na-avenida-rio-branco-neste-sabado-9","status":"publish","type":"post","link":"https:\/\/diarioregionaldigital.com.br\/?p=197427","title":{"rendered":"Programa Boniteza realiza poda de \u00e1rvores na Avenida Rio Branco neste s\u00e1bado, 9"},"content":{"rendered":"<p>Segundo informa\u00e7\u00f5es do site da Prefeitura de Juiz de Fora, neste s\u00e1bado, 9, o Programa Boniteza, atrav\u00e9s da Empresa Municipal de Pavimenta\u00e7\u00e3o e Urbaniza\u00e7\u00e3o (Empav), dar\u00e1 in\u00edcio \u00e0 uma opera\u00e7\u00e3o que prev\u00ea a realiza\u00e7\u00e3o de podas simples e dr\u00e1sticas nas \u00e1rvores dos canteiros centrais da Avenida Bar\u00e3o do Rio Branco, no Centro. Inicialmente, as interven\u00e7\u00f5es ser\u00e3o realizadas no trecho entre as ruas Ant\u00f4nio Lagrota e Marechal Setembrino de Carvalho.<\/p>\n<p>A opera\u00e7\u00e3o ser\u00e1 iniciada \u00e0s 8h, com apoio da Secretaria de Mobilidade Urbana (SMU). A orienta\u00e7\u00e3o \u00e9 que motoristas busquem rotas alternativas e evitem o trecho, j\u00e1 que o tr\u00e2nsito poder\u00e1 ficar lento durante os trabalhos.<\/p>\n<p>Al\u00e9m da Avenida Rio Branco, trabalhadores da Empav estar\u00e3o, ainda, no bairro Jardim do Sol, com os servi\u00e7os de limpeza e poda de grama na pra\u00e7a da Par\u00f3quia Cristo Rei e nos canteiros centrais da Av. Dr. Moacir Siqueira.<\/p>\n<p>Vale lembrar que a programa\u00e7\u00e3o di\u00e1ria de todas as atividades realizadas pela Empav pode ser acompanhada atrav\u00e9s da p\u00e1gina do Gabinete de A\u00e7\u00e3o e Di\u00e1logo Comunit\u00e1rio, pelo link.<\/p>\n<p>Todas as a\u00e7\u00f5es de reestrutura\u00e7\u00e3o, urbaniza\u00e7\u00e3o e zeladoria realizadas pela Empav fazem parte do Programa Boniteza. Voc\u00ea pode solicitar estes e outros servi\u00e7os atrav\u00e9s do Gabinete de A\u00e7\u00e3o e Di\u00e1logo Comunit\u00e1rio, que recebe e organiza pedidos relativos a interven\u00e7\u00f5es e melhorias urbanas. O contato pode ser feito por liga\u00e7\u00e3o telef\u00f4nica, pelo n\u00famero (32) 3690-7241 ou, ainda, via WhatsApp, utilizando o mesmo n\u00famero.<\/p>\n","protected":false},"excerpt":{"rendered":"<p>Segundo informa\u00e7\u00f5es do site da Prefeitura de Juiz de Fora, neste s\u00e1bado, 9, o Programa Boniteza, atrav\u00e9s da Empresa Municipal de Pavimenta\u00e7\u00e3o e Urbaniza\u00e7\u00e3o (Empav), dar\u00e1 in\u00edcio \u00e0 uma opera\u00e7\u00e3o que prev\u00ea a realiza\u00e7\u00e3o de podas simples e dr\u00e1sticas nas \u00e1rvores dos canteiros centrais da Avenida Bar\u00e3o do Rio Branco, no Centro. Inicialmente, as interven\u00e7\u00f5es [&hellip;]<\/p>\n","protected":false},"author":246,"featured_media":197428,"comment_status":"closed","ping_status":"closed","sticky":false,"template":"","format":"standard","meta":{"footnotes":""},"categories":[253,436,439],"tags":[],"class_list":["post-197427","post","type-post","status-publish","format-standard","has-post-thumbnail","hentry","category-cidade","category-destaque-da-semana","category-ultima-hora"],"_links":{"self":[{"href":"https:\/\/diarioregionaldigital.com.br\/index.php?rest_route=\/wp\/v2\/posts\/197427","targetHints":{"allow":["GET"]}}],"collection":[{"href":"https:\/\/diarioregionaldigital.com.br\/index.php?rest_route=\/wp\/v2\/posts"}],"about":[{"href":"https:\/\/diarioregionaldigital.com.br\/index.php?rest_route=\/wp\/v2\/types\/post"}],"author":[{"embeddable":true,"href":"https:\/\/diarioregionaldigital.com.br\/index.php?rest_route=\/wp\/v2\/users\/246"}],"replies":[{"embeddable":true,"href":"https:\/\/diarioregionaldigital.com.br\/index.php?rest_route=%2Fwp%2Fv2%2Fcomments&post=197427"}],"version-history":[{"count":1,"href":"https:\/\/diarioregionaldigital.com.br\/index.php?rest_route=\/wp\/v2\/posts\/197427\/revisions"}],"predecessor-version":[{"id":197429,"href":"https:\/\/diarioregionaldigital.com.br\/index.php?rest_route=\/wp\/v2\/posts\/197427\/revisions\/197429"}],"wp:featuredmedia":[{"embeddable":true,"href":"https:\/\/diarioregionaldigital.com.br\/index.php?rest_route=\/wp\/v2\/media\/197428"}],"wp:attachment":[{"href":"https:\/\/diarioregionaldigital.com.br\/index.php?rest_route=%2Fwp%2Fv2%2Fmedia&parent=197427"}],"wp:term":[{"taxonomy":"category","embeddable":true,"href":"https:\/\/diarioregionaldigital.com.br\/index.php?rest_route=%2Fwp%2Fv2%2Fcategories&post=197427"},{"taxonomy":"post_tag","embeddable":true,"href":"https:\/\/diarioregionaldigital.com.br\/index.php?rest_route=%2Fwp%2Fv2%2Ftags&post=197427"}],"curies":[{"name":"wp","href":"https:\/\/api.w.org\/{rel}","templated":true}]}}