{"id":197424,"date":"2022-04-08T18:30:46","date_gmt":"2022-04-08T21:30:46","guid":{"rendered":"https:\/\/diarioregionaldigital.com.br\/?p=197424"},"modified":"2022-04-08T18:30:46","modified_gmt":"2022-04-08T21:30:46","slug":"manutencao-na-elevatoria-de-agua-do-amazonia-sera-realizada-na-proxima-segunda-feira-11","status":"publish","type":"post","link":"https:\/\/diarioregionaldigital.com.br\/?p=197424","title":{"rendered":"Manuten\u00e7\u00e3o na elevat\u00f3ria de \u00e1gua do Amaz\u00f4nia ser\u00e1 realizada na pr\u00f3xima segunda-feira, 11"},"content":{"rendered":"<p>Segundo informa\u00e7\u00f5es do site da Prefeitura de Juiz de Fora, por quest\u00f5es operacionais, a manuten\u00e7\u00e3o que seria realizada na elevat\u00f3ria de \u00e1gua do Bairro Amaz\u00f4nia na quarta-feira, 6, foi adiada para segunda-feira, 11. A Companhia de Saneamento Municipal (Cesama) programou a realiza\u00e7\u00e3o dos trabalhos de 8h \u00e0s 10h e, para isso, ser\u00e1 necess\u00e1rio interromper o funcionamento da unidade. Desta forma os bairros Amaz\u00f4nia e Realeza ter\u00e3o o abastecimento comprometido ao longo do dia.<\/p>\n<p>A Cesama pede a compreens\u00e3o da popula\u00e7\u00e3o local e orienta para que os moradores economizem \u00e1gua. A previs\u00e3o \u00e9 de que o abastecimento seja regularizado ainda na noite de segunda-feira.<\/p>\n","protected":false},"excerpt":{"rendered":"<p>Segundo informa\u00e7\u00f5es do site da Prefeitura de Juiz de Fora, por quest\u00f5es operacionais, a manuten\u00e7\u00e3o que seria realizada na elevat\u00f3ria de \u00e1gua do Bairro Amaz\u00f4nia na quarta-feira, 6, foi adiada para segunda-feira, 11. A Companhia de Saneamento Municipal (Cesama) programou a realiza\u00e7\u00e3o dos trabalhos de 8h \u00e0s 10h e, para isso, ser\u00e1 necess\u00e1rio interromper o [&hellip;]<\/p>\n","protected":false},"author":246,"featured_media":197425,"comment_status":"closed","ping_status":"closed","sticky":false,"template":"","format":"standard","meta":{"footnotes":""},"categories":[253,436,439],"tags":[],"class_list":["post-197424","post","type-post","status-publish","format-standard","has-post-thumbnail","hentry","category-cidade","category-destaque-da-semana","category-ultima-hora"],"_links":{"self":[{"href":"https:\/\/diarioregionaldigital.com.br\/index.php?rest_route=\/wp\/v2\/posts\/197424","targetHints":{"allow":["GET"]}}],"collection":[{"href":"https:\/\/diarioregionaldigital.com.br\/index.php?rest_route=\/wp\/v2\/posts"}],"about":[{"href":"https:\/\/diarioregionaldigital.com.br\/index.php?rest_route=\/wp\/v2\/types\/post"}],"author":[{"embeddable":true,"href":"https:\/\/diarioregionaldigital.com.br\/index.php?rest_route=\/wp\/v2\/users\/246"}],"replies":[{"embeddable":true,"href":"https:\/\/diarioregionaldigital.com.br\/index.php?rest_route=%2Fwp%2Fv2%2Fcomments&post=197424"}],"version-history":[{"count":1,"href":"https:\/\/diarioregionaldigital.com.br\/index.php?rest_route=\/wp\/v2\/posts\/197424\/revisions"}],"predecessor-version":[{"id":197426,"href":"https:\/\/diarioregionaldigital.com.br\/index.php?rest_route=\/wp\/v2\/posts\/197424\/revisions\/197426"}],"wp:featuredmedia":[{"embeddable":true,"href":"https:\/\/diarioregionaldigital.com.br\/index.php?rest_route=\/wp\/v2\/media\/197425"}],"wp:attachment":[{"href":"https:\/\/diarioregionaldigital.com.br\/index.php?rest_route=%2Fwp%2Fv2%2Fmedia&parent=197424"}],"wp:term":[{"taxonomy":"category","embeddable":true,"href":"https:\/\/diarioregionaldigital.com.br\/index.php?rest_route=%2Fwp%2Fv2%2Fcategories&post=197424"},{"taxonomy":"post_tag","embeddable":true,"href":"https:\/\/diarioregionaldigital.com.br\/index.php?rest_route=%2Fwp%2Fv2%2Ftags&post=197424"}],"curies":[{"name":"wp","href":"https:\/\/api.w.org\/{rel}","templated":true}]}}