{"id":197411,"date":"2022-04-08T18:20:28","date_gmt":"2022-04-08T21:20:28","guid":{"rendered":"https:\/\/diarioregionaldigital.com.br\/?p=197411"},"modified":"2022-04-08T18:20:28","modified_gmt":"2022-04-08T21:20:28","slug":"trofeu-brasil-tem-dia-de-confirmacao-de-equipes-de-revezamento","status":"publish","type":"post","link":"https:\/\/diarioregionaldigital.com.br\/?p=197411","title":{"rendered":"Trof\u00e9u Brasil tem dia de confirma\u00e7\u00e3o de equipes de revezamento"},"content":{"rendered":"<p>O quarto dia de disputas do Trof\u00e9u Brasil de Nata\u00e7\u00e3o (que \u00e9 disputado no Parque Aqu\u00e1tico Maria Lenk, no Rio de Janeiro) foi de confirma\u00e7\u00e3o de dois revezamentos no Campeonato Mundial de Budapeste (Hungria).<img decoding=\"async\" src=\"https:\/\/agenciabrasil.ebc.com.br\/ebc.png?id=1452947&amp;o=node\" \/><img decoding=\"async\" src=\"https:\/\/agenciabrasil.ebc.com.br\/ebc.gif?id=1452947&amp;o=node\" \/><\/p>\n<p>Nesta quinta-feira (7) foi confirmada a equipe do revezamento 4&#215;100 metros estilo livre masculino. A confirma\u00e7\u00e3o da equipe veio ap\u00f3s Gabriel Santos (com o tempo de 48s64) e Marcelo Chierighini (48s76) se garantirem na disputa individual dos 100 metros livre. No revezamento eles ser\u00e3o acompanhados pelos novatos Vinicius Assun\u00e7\u00e3o e Felipe Ribeiro.<\/p>\n<p>\u201cMuito boa essa renova\u00e7\u00e3o. Marcelo e eu estivemos na sele\u00e7\u00e3o nos \u00faltimos anos e sabemos a for\u00e7a que esse revezamento tem fora do pa\u00eds. \u00c9 bom para a gente ter sangue novo no revezamento e \u00e9 bom para eles tamb\u00e9m terem a nossa experi\u00eancia ao lado\u201d, disse Gabriel Santos, que venceu a prova individual.<\/p>\n<p>O dia tamb\u00e9m foi de confirmar a forma\u00e7\u00e3o do revezamento 4&#215;100 metros livre feminino. Apesar de n\u00e3o atingirem \u00edndices individuais na prova, a soma dos quatro melhores resultados foi abaixo do \u00edndice de participa\u00e7\u00e3o para o revezamento, que contar\u00e1 com Stephanie Balduccini, Ana Vieira, Giovanna Diamante e Giovana Medeiros.<\/p>\n<p>Outro \u00edndice obtido nesta quinta foi de Guilherme Costa nos 800 metros livre. O nadador conhecido como Cachorr\u00e3o j\u00e1 tinha vaga garantida no Mundial de Budapeste, mas nadou a prova em 7min52s40, abaixo do \u00edndice de participa\u00e7\u00e3o.<\/p>\n<p>\u201c\u00c9 bom nadar r\u00e1pido. Apesar de estar classificado, se eu cair na \u00e1gua, vou querer nadar para o meu melhor. Hoje n\u00e3o foi o meu melhor tempo, mas consegui nadar abaixo do \u00edndice e sair da piscina satisfeito com a minha performance\u201d, declarou.<\/p>\n<p>Fonte: Ag\u00eancia Brasil<\/p>\n","protected":false},"excerpt":{"rendered":"<p>O quarto dia de disputas do Trof\u00e9u Brasil de Nata\u00e7\u00e3o (que \u00e9 disputado no Parque Aqu\u00e1tico Maria Lenk, no Rio de Janeiro) foi de confirma\u00e7\u00e3o de dois revezamentos no Campeonato Mundial de Budapeste (Hungria). Nesta quinta-feira (7) foi confirmada a equipe do revezamento 4&#215;100 metros estilo livre masculino. A confirma\u00e7\u00e3o da equipe veio ap\u00f3s Gabriel [&hellip;]<\/p>\n","protected":false},"author":246,"featured_media":197412,"comment_status":"closed","ping_status":"closed","sticky":false,"template":"","format":"standard","meta":{"footnotes":""},"categories":[436,257,439],"tags":[],"class_list":["post-197411","post","type-post","status-publish","format-standard","has-post-thumbnail","hentry","category-destaque-da-semana","category-esporte","category-ultima-hora"],"_links":{"self":[{"href":"https:\/\/diarioregionaldigital.com.br\/index.php?rest_route=\/wp\/v2\/posts\/197411","targetHints":{"allow":["GET"]}}],"collection":[{"href":"https:\/\/diarioregionaldigital.com.br\/index.php?rest_route=\/wp\/v2\/posts"}],"about":[{"href":"https:\/\/diarioregionaldigital.com.br\/index.php?rest_route=\/wp\/v2\/types\/post"}],"author":[{"embeddable":true,"href":"https:\/\/diarioregionaldigital.com.br\/index.php?rest_route=\/wp\/v2\/users\/246"}],"replies":[{"embeddable":true,"href":"https:\/\/diarioregionaldigital.com.br\/index.php?rest_route=%2Fwp%2Fv2%2Fcomments&post=197411"}],"version-history":[{"count":1,"href":"https:\/\/diarioregionaldigital.com.br\/index.php?rest_route=\/wp\/v2\/posts\/197411\/revisions"}],"predecessor-version":[{"id":197413,"href":"https:\/\/diarioregionaldigital.com.br\/index.php?rest_route=\/wp\/v2\/posts\/197411\/revisions\/197413"}],"wp:featuredmedia":[{"embeddable":true,"href":"https:\/\/diarioregionaldigital.com.br\/index.php?rest_route=\/wp\/v2\/media\/197412"}],"wp:attachment":[{"href":"https:\/\/diarioregionaldigital.com.br\/index.php?rest_route=%2Fwp%2Fv2%2Fmedia&parent=197411"}],"wp:term":[{"taxonomy":"category","embeddable":true,"href":"https:\/\/diarioregionaldigital.com.br\/index.php?rest_route=%2Fwp%2Fv2%2Fcategories&post=197411"},{"taxonomy":"post_tag","embeddable":true,"href":"https:\/\/diarioregionaldigital.com.br\/index.php?rest_route=%2Fwp%2Fv2%2Ftags&post=197411"}],"curies":[{"name":"wp","href":"https:\/\/api.w.org\/{rel}","templated":true}]}}