{"id":197408,"date":"2022-04-08T18:18:17","date_gmt":"2022-04-08T21:18:17","guid":{"rendered":"https:\/\/diarioregionaldigital.com.br\/?p=197408"},"modified":"2022-04-08T18:18:17","modified_gmt":"2022-04-08T21:18:17","slug":"selecao-feminina-fara-amistoso-com-suecia-dias-antes-da-copa-america","status":"publish","type":"post","link":"https:\/\/diarioregionaldigital.com.br\/?p=197408","title":{"rendered":"Sele\u00e7\u00e3o feminina far\u00e1 amistoso com Su\u00e9cia dias antes da Copa Am\u00e9rica"},"content":{"rendered":"<p>A CBF anunciou nesta sexta-feira (8) que a sele\u00e7\u00e3o brasileira feminina far\u00e1 um \u00faltimo amistoso contra a Su\u00e9cia, nove dias antes do in\u00edcio da Copa Am\u00e9rica de Futebol Feminino, programada para come\u00e7ar em 8 de julho. A equipe sueca \u00e9 a segunda melhor do mundo no ranking da Fifa, atr\u00e1s apenas dos Estados Unidos. O time tamb\u00e9m faturou a prata nos Jogos de T\u00f3quio.<img decoding=\"async\" src=\"https:\/\/agenciabrasil.ebc.com.br\/ebc.png?id=1453080&amp;o=node\" \/><img decoding=\"async\" src=\"https:\/\/agenciabrasil.ebc.com.br\/ebc.gif?id=1453080&amp;o=node\" \/><\/p>\n<p>O duelo marcara o reencontro da sueca Pia Sundhage, t\u00e9cnica do Brasil, com a equipe do seu pa\u00eds. Pia comanda a equipe sueca que conquistou a prata na Olimp\u00edada Rio 2016. O primeiro embate entre as duas sele\u00e7\u00f5es desde os Jogos pode ter um clima de revanche: nas semifinais da Rio 2016 foram exatamente as suecas que eliminaram as brasileiras nos p\u00eanaltis. A partida Brasil x Su\u00e9cia est\u00e1 prevista para o dia 28 de junho, \u00e0s 13h30 (hor\u00e1rio de Bras\u00edlia), em Estocolmo (Su\u00e9cia). O compromisso faz parte da janela Fifa (entre os dias 20 a 28 de junho).<\/p>\n<p>A sele\u00e7\u00e3o brasileira vem se preparando para a\u00a0<a href=\"https:\/\/agenciabrasil.ebc.com.br\/esportes\/noticia\/2022-04\/brasil-conhece-adversarios-da-copa-america-de-futebol-feminino\">Copa Am\u00e9rica,<\/a>\u00a0que destinar\u00e1 tr\u00eas vagas diretas para o Mundial de 2023, na Nova Zel\u00e2ndia e Austr\u00e1lia. O vencedor tamb\u00e9m garante presen\u00e7a na Olimp\u00edada de Paris 2024.<\/p>\n<p>Ontem a sele\u00e7\u00e3o empatou em 1 a 1 em amistoso com a Espanha, na casa da advers\u00e1ria. Na pr\u00f3xima segunda-feira (11), a sele\u00e7\u00e3o mede for\u00e7as com a Hungria, na cidade de San Pedro de Pinatar, na regi\u00e3o de M\u00farcia (Espanha).<\/p>\n<p>Fonte: Ag\u00eancia Brasil<\/p>\n","protected":false},"excerpt":{"rendered":"<p>A CBF anunciou nesta sexta-feira (8) que a sele\u00e7\u00e3o brasileira feminina far\u00e1 um \u00faltimo amistoso contra a Su\u00e9cia, nove dias antes do in\u00edcio da Copa Am\u00e9rica de Futebol Feminino, programada para come\u00e7ar em 8 de julho. A equipe sueca \u00e9 a segunda melhor do mundo no ranking da Fifa, atr\u00e1s apenas dos Estados Unidos. O [&hellip;]<\/p>\n","protected":false},"author":246,"featured_media":197409,"comment_status":"closed","ping_status":"closed","sticky":false,"template":"","format":"standard","meta":{"footnotes":""},"categories":[436,440,257,439],"tags":[],"class_list":["post-197408","post","type-post","status-publish","format-standard","has-post-thumbnail","hentry","category-destaque-da-semana","category-destaques-do-dia","category-esporte","category-ultima-hora"],"_links":{"self":[{"href":"https:\/\/diarioregionaldigital.com.br\/index.php?rest_route=\/wp\/v2\/posts\/197408","targetHints":{"allow":["GET"]}}],"collection":[{"href":"https:\/\/diarioregionaldigital.com.br\/index.php?rest_route=\/wp\/v2\/posts"}],"about":[{"href":"https:\/\/diarioregionaldigital.com.br\/index.php?rest_route=\/wp\/v2\/types\/post"}],"author":[{"embeddable":true,"href":"https:\/\/diarioregionaldigital.com.br\/index.php?rest_route=\/wp\/v2\/users\/246"}],"replies":[{"embeddable":true,"href":"https:\/\/diarioregionaldigital.com.br\/index.php?rest_route=%2Fwp%2Fv2%2Fcomments&post=197408"}],"version-history":[{"count":1,"href":"https:\/\/diarioregionaldigital.com.br\/index.php?rest_route=\/wp\/v2\/posts\/197408\/revisions"}],"predecessor-version":[{"id":197410,"href":"https:\/\/diarioregionaldigital.com.br\/index.php?rest_route=\/wp\/v2\/posts\/197408\/revisions\/197410"}],"wp:featuredmedia":[{"embeddable":true,"href":"https:\/\/diarioregionaldigital.com.br\/index.php?rest_route=\/wp\/v2\/media\/197409"}],"wp:attachment":[{"href":"https:\/\/diarioregionaldigital.com.br\/index.php?rest_route=%2Fwp%2Fv2%2Fmedia&parent=197408"}],"wp:term":[{"taxonomy":"category","embeddable":true,"href":"https:\/\/diarioregionaldigital.com.br\/index.php?rest_route=%2Fwp%2Fv2%2Fcategories&post=197408"},{"taxonomy":"post_tag","embeddable":true,"href":"https:\/\/diarioregionaldigital.com.br\/index.php?rest_route=%2Fwp%2Fv2%2Ftags&post=197408"}],"curies":[{"name":"wp","href":"https:\/\/api.w.org\/{rel}","templated":true}]}}