{"id":197405,"date":"2022-04-08T18:14:26","date_gmt":"2022-04-08T21:14:26","guid":{"rendered":"https:\/\/diarioregionaldigital.com.br\/?p=197405"},"modified":"2022-04-08T18:14:26","modified_gmt":"2022-04-08T21:14:26","slug":"policia-civil-recebe-novas-viaturas-para-delegacias-em-todo-o-estado","status":"publish","type":"post","link":"https:\/\/diarioregionaldigital.com.br\/?p=197405","title":{"rendered":"Pol\u00edcia Civil recebe novas viaturas para delegacias em todo o estado"},"content":{"rendered":"<p>A frota da<a href=\"https:\/\/www.policiacivil.mg.gov.br\/\" target=\"_blank\" rel=\"noopener\">\u00a0Pol\u00edcia Civil de Minas Gerais (PCMG)<\/a>\u00a0acaba de ser incrementada com 29 novas viaturas que atender\u00e3o delegacias em diferentes localidades do estado. Os ve\u00edculos, caracterizados e com compartilhamento para transporte de presos, foram entregues nesta quinta-feira (7\/4), em solenidade no hangar da institui\u00e7\u00e3o, na capital. Os recursos investidos s\u00e3o da ordem de R$ 3 milh\u00f5es, provenientes de emendas indicadas por deputados estaduais (seis) e por parlamentares da Bancada Mineira no Congresso Nacional (23).<\/p>\n<p>Na solenidade, o chefe da PCMG, delegado-geral Joaquim Francisco Neto e Silva, destacou a import\u00e2ncia dos esfor\u00e7os coletivos para a viabiliza\u00e7\u00e3o de melhorias na seguran\u00e7a p\u00fablica. \u201cA soma de todas as nossas energias pode nos levar mais longe e alcan\u00e7ar uma solu\u00e7\u00e3o. Esses ve\u00edculos ser\u00e3o destinados a unidades que tanto necessitam deles para o desenvolvimento dos seus trabalhos de pol\u00edcia judici\u00e1ria\u201d, observa ao citar que os munic\u00edpios contemplados alcan\u00e7am uma popula\u00e7\u00e3o estimada em 9 milh\u00f5es de habitantes.<\/p>\n<p>As novas viaturas v\u00e3o atender unidades policiais em Belo Horizonte; Betim, Contagem, Ibirit\u00e9, Ribeir\u00e3o das Neves, Lagoa Santa, Sabar\u00e1, Santa Luzia e Vespasiano, na Regi\u00e3o Metropolitana; Cataguases, Juiz de Fora e Visconde do Rio Branco, na Zona da Mata; Campos Altos, no Alto Parana\u00edba; Araguari, Ituiutaba, Uberl\u00e2ndia e Uberaba, no Tri\u00e2ngulo Mineiro; Carmo do Cajuru e Luz, no Centro-Oeste; Governador Valadares e Pe\u00e7anha, no Rio Doce; Montes Claros e Rio Pardo de Minas, no Norte; Itabira e Sete Lagoas, na regi\u00e3o Central; Ipatinga, no Vale do A\u00e7o; Paracatu, no Noroeste; e Pouso Alegre, no Sul de Minas.<\/p>\n<p><strong>Armas e infraestrutura<\/strong><\/p>\n<p>Durante a entrega das viaturas, o chefe da PCMG ressaltou a expressividade de repasses origin\u00e1rios de emendas parlamentares, estaduais e federais, que t\u00eam sido destinados \u00e0 institui\u00e7\u00e3o para melhorar as condi\u00e7\u00f5es de trabalho dos servidores e, consequentemente, refletir no aprimoramento da presta\u00e7\u00e3o de servi\u00e7os ao cidad\u00e3o. \u201cHoje, podemos perceber claramente que a nossa Pol\u00edcia Civil est\u00e1, sim, melhor organizada e com mais capacidade de executar com sucesso os recursos indicados nas emendas\u201d, comemora.<\/p>\n<p>Joaquim Francisco adiantou que est\u00e1 prevista, para os pr\u00f3ximos dias, a entrega de mais de 700 armas de fogo adquiridas com valores de indica\u00e7\u00f5es da Bancada Mineira no Congresso Nacional. Outro investimento pontuado na ocasi\u00e3o \u00e9 a verba de R$ 28 milh\u00f5es do governo estadual para a reforma de cem unidades da PCMG.<\/p>\n<p>A cerim\u00f4nia de entrega das viaturas contou com a participa\u00e7\u00e3o do secret\u00e1rio adjunto de Estado de\u00a0<a href=\"http:\/\/www.seguranca.mg.gov.br\/\" target=\"_blank\" rel=\"noopener\">Justi\u00e7a e Seguran\u00e7a P\u00fablica (Sejusp)<\/a>, Jeferson Botelho, e dos deputados Bosco,\u00a0\u00a0representando os parlamentares estaduais, e Diego Andrade, como representante dos demais parlamentares do Congresso Nacional. Tamb\u00e9m estiveram presentes, entre outros convidados, prefeitos, membros do Conselho Superior da PCMG e policiais civis vinculados \u00e0s unidades contempladas com as novas viaturas.<\/p>\n<p>Fonte: Ag\u00eancia Minas<\/p>\n","protected":false},"excerpt":{"rendered":"<p>A frota da\u00a0Pol\u00edcia Civil de Minas Gerais (PCMG)\u00a0acaba de ser incrementada com 29 novas viaturas que atender\u00e3o delegacias em diferentes localidades do estado. Os ve\u00edculos, caracterizados e com compartilhamento para transporte de presos, foram entregues nesta quinta-feira (7\/4), em solenidade no hangar da institui\u00e7\u00e3o, na capital. Os recursos investidos s\u00e3o da ordem de R$ 3 [&hellip;]<\/p>\n","protected":false},"author":246,"featured_media":197406,"comment_status":"closed","ping_status":"closed","sticky":false,"template":"","format":"standard","meta":{"footnotes":""},"categories":[436,254,439],"tags":[],"class_list":["post-197405","post","type-post","status-publish","format-standard","has-post-thumbnail","hentry","category-destaque-da-semana","category-politica","category-ultima-hora"],"_links":{"self":[{"href":"https:\/\/diarioregionaldigital.com.br\/index.php?rest_route=\/wp\/v2\/posts\/197405","targetHints":{"allow":["GET"]}}],"collection":[{"href":"https:\/\/diarioregionaldigital.com.br\/index.php?rest_route=\/wp\/v2\/posts"}],"about":[{"href":"https:\/\/diarioregionaldigital.com.br\/index.php?rest_route=\/wp\/v2\/types\/post"}],"author":[{"embeddable":true,"href":"https:\/\/diarioregionaldigital.com.br\/index.php?rest_route=\/wp\/v2\/users\/246"}],"replies":[{"embeddable":true,"href":"https:\/\/diarioregionaldigital.com.br\/index.php?rest_route=%2Fwp%2Fv2%2Fcomments&post=197405"}],"version-history":[{"count":1,"href":"https:\/\/diarioregionaldigital.com.br\/index.php?rest_route=\/wp\/v2\/posts\/197405\/revisions"}],"predecessor-version":[{"id":197407,"href":"https:\/\/diarioregionaldigital.com.br\/index.php?rest_route=\/wp\/v2\/posts\/197405\/revisions\/197407"}],"wp:featuredmedia":[{"embeddable":true,"href":"https:\/\/diarioregionaldigital.com.br\/index.php?rest_route=\/wp\/v2\/media\/197406"}],"wp:attachment":[{"href":"https:\/\/diarioregionaldigital.com.br\/index.php?rest_route=%2Fwp%2Fv2%2Fmedia&parent=197405"}],"wp:term":[{"taxonomy":"category","embeddable":true,"href":"https:\/\/diarioregionaldigital.com.br\/index.php?rest_route=%2Fwp%2Fv2%2Fcategories&post=197405"},{"taxonomy":"post_tag","embeddable":true,"href":"https:\/\/diarioregionaldigital.com.br\/index.php?rest_route=%2Fwp%2Fv2%2Ftags&post=197405"}],"curies":[{"name":"wp","href":"https:\/\/api.w.org\/{rel}","templated":true}]}}