{"id":197401,"date":"2022-04-08T18:12:41","date_gmt":"2022-04-08T21:12:41","guid":{"rendered":"https:\/\/diarioregionaldigital.com.br\/?p=197401"},"modified":"2022-04-08T18:12:41","modified_gmt":"2022-04-08T21:12:41","slug":"detentos-do-presidio-de-itajuba-iniciam-confeccao-de-produtos-para-empresa-parceira","status":"publish","type":"post","link":"https:\/\/diarioregionaldigital.com.br\/?p=197401","title":{"rendered":"Detentos do Pres\u00eddio de Itajub\u00e1 iniciam confec\u00e7\u00e3o de produtos para empresa parceira"},"content":{"rendered":"<p>Quinze detentos iniciaram a produ\u00e7\u00e3o de bolsas de maternidade esta semana, em um galp\u00e3o do Pres\u00eddio de Itajub\u00e1, na regi\u00e3o Sul do estado. Outros 20 passam por capacita\u00e7\u00e3o em corte, costura e bordado para, em breve, fazerem parte da equipe. Todo o material produzido ser\u00e1 encaminhado ao centro de distribui\u00e7\u00e3o da empresa parceira, para atender pedidos de todo o Brasil. A meta \u00e9 atingir a fabrica\u00e7\u00e3o di\u00e1ria de 350 bolsas. E os planos v\u00e3o al\u00e9m: a expectativa \u00e9 a de que o projeto empregue mais de cem custodiados e inclua a confec\u00e7\u00e3o de roupas e m\u00f3veis para o p\u00fablico infantil.<\/p>\n<p>As tratativas tiveram in\u00edcio em dezembro de 2021, quando a\u00a0<a href=\"http:\/\/www.seguranca.mg.gov.br\/\" target=\"_blank\" rel=\"noopener\">Secretaria de Estado de Justi\u00e7a e Seguran\u00e7a P\u00fablica (Sejusp)<\/a>, por meio do\u00a0<a href=\"http:\/\/www.depen.seguranca.mg.gov.br\/\" target=\"_blank\" rel=\"noopener\">Departamento Penitenci\u00e1rio de Minas Gerais (Depen-MG)<\/a>, e a empresa Gr\u00e3o de Gente assinaram um termo de compromisso. Em mar\u00e7o deste ano, a parceira reformou e adaptou o galp\u00e3o que est\u00e1 sendo utilizado, com recursos pr\u00f3prios. Todo maquin\u00e1rio instalado pertence \u00e0 empresa: m\u00e1quinas de costura industrial, bordadeira industrial e outras utilizadas no processo de produ\u00e7\u00e3o. Pelo trabalho, os detentos recebem \u00be do sal\u00e1rio m\u00ednimo e, a cada tr\u00eas dias trabalhados, diminuem a pena em um dia.<\/p>\n<p>Para o diretor de Atendimento do Pres\u00eddio de Itajub\u00e1, Ad\u00e3o Almeida, projetos como esse fortalecem a ressocializa\u00e7\u00e3o dos custodiados. \u201cEles aprendem uma profiss\u00e3o, despertando assim um senso de responsabilidade e novas perspectivas de futuro\u201d, observa.<\/p>\n<p><strong>Equipe<\/strong><\/p>\n<p>Com experi\u00eancia de dois anos na produ\u00e7\u00e3o de uniformes para o sistema prisional, que tamb\u00e9m ocorre dentro do Pres\u00eddio de Itajub\u00e1, e uma capacita\u00e7\u00e3o de corte e costura durante o cumprimento da pena, Jurandir Marcelino, de 35 anos, conquistou uma vaga na linha de produ\u00e7\u00e3o.<\/p>\n<p>Os estudos tamb\u00e9m ganharam um refor\u00e7o. Ele, que parou de ir \u00e0s aulas com 14 anos, no ensino fundamental, agora completa o ensino m\u00e9dio dentro do sistema prisional e ainda ambiciona uma faculdade. As aspira\u00e7\u00f5es s\u00e3o inspiradas em sua fam\u00edlia. \u201cMesmo cumprindo pena h\u00e1 mais de dez anos, n\u00e3o vou desistir de viver, tenho esposa, m\u00e3e e filha. Preciso usar este tempo para me aperfei\u00e7oar cada dia mais, me preparando para quando terminar a minha senten\u00e7a. O mercado de trabalho n\u00e3o \u00e9 f\u00e1cil para um trabalhador comum, imagina para um ex-detento\u201d, conclui Jurandir.<\/p>\n<p>Leonardo Gon\u00e7alves, de 32 anos, tamb\u00e9m dividia a linha de produ\u00e7\u00e3o de uniformes do sistema prisional com Jurandir. Agora, segue com o colega para o projeto de produ\u00e7\u00e3o de bolsas de maternidade. Antes de entrar para o sistema, Leonardo desconhecia o ramo de corte e costura. J\u00e1 trabalhou com manuten\u00e7\u00e3o de fios de alta tens\u00e3o e em obras, atuando como servente e pedreiro. Entretanto, ele conta que de tudo que j\u00e1 fez, se identificou mais com o of\u00edcio da produ\u00e7\u00e3o de bolsas. \u201c\u00c9 muito bom fazer o servi\u00e7o que a gente gosta. Tendo vontade, se dedicando, temos orgulho quando termina\u201d, destaca.<\/p>\n<p><strong>Empresa parceira<\/strong><\/p>\n<p>Luciana Santana,\u00a0<em>head<\/em>\u00a0de Parcerias Estrat\u00e9gicas e Responsabilidade Social da Gr\u00e3o de Gente, conta que a ideia veio ap\u00f3s um contato pr\u00e9vio com o sistema prisional, quando a empresa reformou ber\u00e7\u00e1rios de duas unidades, uma em Jo\u00e3o Pessoa, na Para\u00edba, e outra em Cariacica, Esp\u00edrito Santo, por meio do projeto Maternar Lactantes Presas. \u201cObservamos a import\u00e2ncia de olhar para as pessoas que est\u00e3o no sistema prisional\u201d, conta.<\/p>\n<p>Para os neg\u00f3cios a alian\u00e7a tamb\u00e9m gerar\u00e1 bons frutos. Com a estrutura montada no Pres\u00eddio de Itajub\u00e1, a empresa ir\u00e1 dobrar a produ\u00e7\u00e3o de bolsas. \u201cEste \u00e9 um projeto piloto. Queremos que cres\u00e7a ainda mais na Penitenci\u00e1ria de Itajub\u00e1, para que possamos levar para outras unidades prisionais do Sul de Minas\u201d.<\/p>\n<p>Fonte: Ag\u00eancia Minas<\/p>\n","protected":false},"excerpt":{"rendered":"<p>Quinze detentos iniciaram a produ\u00e7\u00e3o de bolsas de maternidade esta semana, em um galp\u00e3o do Pres\u00eddio de Itajub\u00e1, na regi\u00e3o Sul do estado. Outros 20 passam por capacita\u00e7\u00e3o em corte, costura e bordado para, em breve, fazerem parte da equipe. Todo o material produzido ser\u00e1 encaminhado ao centro de distribui\u00e7\u00e3o da empresa parceira, para atender [&hellip;]<\/p>\n","protected":false},"author":246,"featured_media":197402,"comment_status":"closed","ping_status":"closed","sticky":false,"template":"","format":"standard","meta":{"footnotes":""},"categories":[436,254,439],"tags":[],"class_list":["post-197401","post","type-post","status-publish","format-standard","has-post-thumbnail","hentry","category-destaque-da-semana","category-politica","category-ultima-hora"],"_links":{"self":[{"href":"https:\/\/diarioregionaldigital.com.br\/index.php?rest_route=\/wp\/v2\/posts\/197401","targetHints":{"allow":["GET"]}}],"collection":[{"href":"https:\/\/diarioregionaldigital.com.br\/index.php?rest_route=\/wp\/v2\/posts"}],"about":[{"href":"https:\/\/diarioregionaldigital.com.br\/index.php?rest_route=\/wp\/v2\/types\/post"}],"author":[{"embeddable":true,"href":"https:\/\/diarioregionaldigital.com.br\/index.php?rest_route=\/wp\/v2\/users\/246"}],"replies":[{"embeddable":true,"href":"https:\/\/diarioregionaldigital.com.br\/index.php?rest_route=%2Fwp%2Fv2%2Fcomments&post=197401"}],"version-history":[{"count":2,"href":"https:\/\/diarioregionaldigital.com.br\/index.php?rest_route=\/wp\/v2\/posts\/197401\/revisions"}],"predecessor-version":[{"id":197404,"href":"https:\/\/diarioregionaldigital.com.br\/index.php?rest_route=\/wp\/v2\/posts\/197401\/revisions\/197404"}],"wp:featuredmedia":[{"embeddable":true,"href":"https:\/\/diarioregionaldigital.com.br\/index.php?rest_route=\/wp\/v2\/media\/197402"}],"wp:attachment":[{"href":"https:\/\/diarioregionaldigital.com.br\/index.php?rest_route=%2Fwp%2Fv2%2Fmedia&parent=197401"}],"wp:term":[{"taxonomy":"category","embeddable":true,"href":"https:\/\/diarioregionaldigital.com.br\/index.php?rest_route=%2Fwp%2Fv2%2Fcategories&post=197401"},{"taxonomy":"post_tag","embeddable":true,"href":"https:\/\/diarioregionaldigital.com.br\/index.php?rest_route=%2Fwp%2Fv2%2Ftags&post=197401"}],"curies":[{"name":"wp","href":"https:\/\/api.w.org\/{rel}","templated":true}]}}