{"id":197397,"date":"2022-04-08T18:10:25","date_gmt":"2022-04-08T21:10:25","guid":{"rendered":"https:\/\/diarioregionaldigital.com.br\/?p=197397"},"modified":"2022-04-08T18:10:25","modified_gmt":"2022-04-08T21:10:25","slug":"secult-divulga-lista-de-empresas-habilitadas-no-minas-recebe-2022","status":"publish","type":"post","link":"https:\/\/diarioregionaldigital.com.br\/?p=197397","title":{"rendered":"Secult divulga lista de empresas habilitadas no Minas Recebe 2022"},"content":{"rendered":"<p>A\u00a0<a href=\"https:\/\/www.secult.mg.gov.br\/\" target=\"_blank\" rel=\"noopener\">Secretaria de Estado de Cultura e Turismo de Minas Gerais (Secult)<\/a>\u00a0divulga, nesta sexta-feira (8\/4), o resultado do processo de habilita\u00e7\u00e3o do programa Minas Recebe 2022, destinado \u00e0s empresas de receptivo tur\u00edstico sediadas no estado.<\/p>\n<p>Ao todo, 70 empresas foram aprovadas ap\u00f3s an\u00e1lise criteriosa sobre o cumprimento dos requisitos b\u00e1sicos para habilita\u00e7\u00e3o no programa.<br \/>\n<a href=\"https:\/\/www.secult.mg.gov.br\/programas-e-acoes\/minas-recebe\" target=\"_blank\" rel=\"noopener\">Confira aqui<\/a>\u00a0a rela\u00e7\u00e3o completa de empresas habilitadas no Minas Recebe.<\/p>\n<p>Entre os crit\u00e9rios para integrar o programa est\u00e3o: possuir inscri\u00e7\u00e3o municipal e ter autoriza\u00e7\u00e3o do \u00f3rg\u00e3o municipal competente para emiss\u00e3o de nota fiscal ou documento equivalente; operar e comercializar produtos tur\u00edsticos de Minas Gerais e possuir site, blog ou rede social que divulgue informa\u00e7\u00f5es atualizadas sobre os produtos tur\u00edsticos mineiros comercializados.<\/p>\n<p><strong>Vantagens\u00a0<\/strong><\/p>\n<p>A habilita\u00e7\u00e3o, que acontece anualmente, permite que as empresas participantes tenham diversos benef\u00edcios, como reuni\u00f5es t\u00e9cnicas para fortalecimento do setor e debate de quest\u00f5es estrat\u00e9gicas pertinentes ao desenvolvimento da atividade tur\u00edstica; a\u00e7\u00f5es de relacionamento com operadoras e ag\u00eancias de viagens nacionais e internacionais e demais prestadores de servi\u00e7os da cadeia produtiva do turismo; divulga\u00e7\u00e3o de seus contatos e produtos tur\u00edsticos no portal Minas Gerais e em conte\u00fados promocionais elaborados pela Secult; apresenta\u00e7\u00e3o e aproxima\u00e7\u00e3o de atrativos, produtos e destinos aptos \u00e0 comercializa\u00e7\u00e3o.<\/p>\n<p>Saiba mais sobre o Minas Recebe\u00a0<a href=\"https:\/\/www.secult.mg.gov.br\/programas-e-acoes\/minas-recebe\" target=\"_blank\" rel=\"noopener\">aqui<\/a>.<\/p>\n<p>Fonte: Ag\u00eancia Minas<\/p>\n","protected":false},"excerpt":{"rendered":"<p>A\u00a0Secretaria de Estado de Cultura e Turismo de Minas Gerais (Secult)\u00a0divulga, nesta sexta-feira (8\/4), o resultado do processo de habilita\u00e7\u00e3o do programa Minas Recebe 2022, destinado \u00e0s empresas de receptivo tur\u00edstico sediadas no estado. Ao todo, 70 empresas foram aprovadas ap\u00f3s an\u00e1lise criteriosa sobre o cumprimento dos requisitos b\u00e1sicos para habilita\u00e7\u00e3o no programa. Confira aqui\u00a0a [&hellip;]<\/p>\n","protected":false},"author":246,"featured_media":197398,"comment_status":"closed","ping_status":"closed","sticky":false,"template":"","format":"standard","meta":{"footnotes":""},"categories":[436,254,439],"tags":[],"class_list":["post-197397","post","type-post","status-publish","format-standard","has-post-thumbnail","hentry","category-destaque-da-semana","category-politica","category-ultima-hora"],"_links":{"self":[{"href":"https:\/\/diarioregionaldigital.com.br\/index.php?rest_route=\/wp\/v2\/posts\/197397","targetHints":{"allow":["GET"]}}],"collection":[{"href":"https:\/\/diarioregionaldigital.com.br\/index.php?rest_route=\/wp\/v2\/posts"}],"about":[{"href":"https:\/\/diarioregionaldigital.com.br\/index.php?rest_route=\/wp\/v2\/types\/post"}],"author":[{"embeddable":true,"href":"https:\/\/diarioregionaldigital.com.br\/index.php?rest_route=\/wp\/v2\/users\/246"}],"replies":[{"embeddable":true,"href":"https:\/\/diarioregionaldigital.com.br\/index.php?rest_route=%2Fwp%2Fv2%2Fcomments&post=197397"}],"version-history":[{"count":2,"href":"https:\/\/diarioregionaldigital.com.br\/index.php?rest_route=\/wp\/v2\/posts\/197397\/revisions"}],"predecessor-version":[{"id":197400,"href":"https:\/\/diarioregionaldigital.com.br\/index.php?rest_route=\/wp\/v2\/posts\/197397\/revisions\/197400"}],"wp:featuredmedia":[{"embeddable":true,"href":"https:\/\/diarioregionaldigital.com.br\/index.php?rest_route=\/wp\/v2\/media\/197398"}],"wp:attachment":[{"href":"https:\/\/diarioregionaldigital.com.br\/index.php?rest_route=%2Fwp%2Fv2%2Fmedia&parent=197397"}],"wp:term":[{"taxonomy":"category","embeddable":true,"href":"https:\/\/diarioregionaldigital.com.br\/index.php?rest_route=%2Fwp%2Fv2%2Fcategories&post=197397"},{"taxonomy":"post_tag","embeddable":true,"href":"https:\/\/diarioregionaldigital.com.br\/index.php?rest_route=%2Fwp%2Fv2%2Ftags&post=197397"}],"curies":[{"name":"wp","href":"https:\/\/api.w.org\/{rel}","templated":true}]}}