{"id":197391,"date":"2022-04-08T17:48:27","date_gmt":"2022-04-08T20:48:27","guid":{"rendered":"https:\/\/diarioregionaldigital.com.br\/?p=197391"},"modified":"2022-04-08T17:48:27","modified_gmt":"2022-04-08T20:48:27","slug":"ipca-preco-do-combustivel-impactou-alta-recorde-da-inflacao-oficial","status":"publish","type":"post","link":"https:\/\/diarioregionaldigital.com.br\/?p=197391","title":{"rendered":"IPCA: pre\u00e7o do combust\u00edvel impactou alta recorde da infla\u00e7\u00e3o oficial"},"content":{"rendered":"<p>A infla\u00e7\u00e3o oficial acumulada em 12 meses registrou, em mar\u00e7o deste ano, taxa de 11,3%. Essa \u00e9 a maior varia\u00e7\u00e3o do \u00cdndice Nacional de Pre\u00e7os ao Consumidor Amplo (IPCA) desde outubro de 2003, quando havia ficado em 13,98%.<img decoding=\"async\" src=\"https:\/\/agenciabrasil.ebc.com.br\/ebc.png?id=1452997&amp;o=node\" \/><img decoding=\"async\" src=\"https:\/\/agenciabrasil.ebc.com.br\/ebc.gif?id=1452997&amp;o=node\" \/><\/p>\n<p>Desde setembro do ano passado, a taxa acumulada em 12 meses est\u00e1 acima dos 10%. Entre dezembro de 2003 e agosto de 2021, o IPCA s\u00f3 havia superado a barreira dos 10% por quatro meses, entre novembro de 2015 e fevereiro de 2016.<\/p>\n<p>O resultado tamb\u00e9m est\u00e1 bem acima da meta de infla\u00e7\u00e3o, estabelecida pelo Banco Central, que varia entre 2% e 5% para 2022.<\/p>\n<p>Grupos de despesa importantes para a composi\u00e7\u00e3o do \u00edndice como alimenta\u00e7\u00e3o, transportes e habita\u00e7\u00e3o registram altas de pre\u00e7os acima da m\u00e9dia da infla\u00e7\u00e3o oficial.<\/p>\n<p>Os pre\u00e7os dos alimentos, por exemplo, subiram 11,62% em 12 meses, puxados por itens como cenoura (166,17%), tomate (94,55%) e hortali\u00e7as e verduras (33,29%).<\/p>\n<p>Os transportes acumulam alta de pre\u00e7os de 17,37% em 12 meses, puxados pelos combust\u00edveis (27,89%). A gasolina subiu 27,48%, o \u00f3leo diesel, 46,47% e o etanol, 24,59%. Tamb\u00e9m se destacam o transporte por aplicativo (42,74%) e o seguro volunt\u00e1rio de ve\u00edculos (16,43%).<\/p>\n<p>J\u00e1 os gastos com habita\u00e7\u00e3o tiveram aumento de 15%, com varia\u00e7\u00f5es de pre\u00e7os de 28,52% para energia el\u00e9trica residencial e de 29,80% para os combust\u00edveis\u00a0<span id=\"OBJ_PREFIX_DWT366_com_zimbra_date\" role=\"link\"><span id=\"OBJ_PREFIX_DWT370_com_zimbra_date\" role=\"link\">dom<\/span><\/span>\u00e9sticos, o que inclui o g\u00e1s usado para cozinhar.<\/p>\n<p>Os itens monitorados, isto \u00e9, aqueles que t\u00eam pre\u00e7o regulado por autoridades governamentais, acumulam alta de 14,84% no ano.<\/p>\n<h2>Difus\u00e3o da infla\u00e7\u00e3o<\/h2>\n<p>Em mar\u00e7o, o IPCA registrou taxa mensal de 1,62%, a maior taxa para o m\u00eas desde o in\u00edcio do Plano Real, em 1994. Segundo o pesquisador do IBGE Pedro Kislanov, os combust\u00edveis tiveram um destaque no m\u00eas, n\u00e3o apenas para aumentar a taxa dos transportes como tamb\u00e9m de outros itens.<\/p>\n<p>\u201cEm mar\u00e7o, h\u00e1 um efeito da alta dos combust\u00edveis, principalmente da gasolina e do diesel, que aumentam o custo do frete, sobre outros componentes do IPCA, como por exemplo, a pr\u00f3pria parte de alimenta\u00e7\u00e3o e bebidas. H\u00e1 um componente do custo de frete que acaba sendo repassado para o consumidor\u201d, explica.<\/p>\n<p>O \u00edndice de difus\u00e3o da infla\u00e7\u00e3o, que mostra o percentual de itens que tiveram aumento de pre\u00e7os no m\u00eas, chegou a 76%, o maior desde fevereiro de 2016.<\/p>\n<p>Fonte: Ag\u00eancia Brasil<\/p>\n","protected":false},"excerpt":{"rendered":"<p>A infla\u00e7\u00e3o oficial acumulada em 12 meses registrou, em mar\u00e7o deste ano, taxa de 11,3%. Essa \u00e9 a maior varia\u00e7\u00e3o do \u00cdndice Nacional de Pre\u00e7os ao Consumidor Amplo (IPCA) desde outubro de 2003, quando havia ficado em 13,98%. Desde setembro do ano passado, a taxa acumulada em 12 meses est\u00e1 acima dos 10%. Entre dezembro [&hellip;]<\/p>\n","protected":false},"author":246,"featured_media":197392,"comment_status":"closed","ping_status":"closed","sticky":false,"template":"","format":"standard","meta":{"footnotes":""},"categories":[436,261,439],"tags":[],"class_list":["post-197391","post","type-post","status-publish","format-standard","has-post-thumbnail","hentry","category-destaque-da-semana","category-economia","category-ultima-hora"],"_links":{"self":[{"href":"https:\/\/diarioregionaldigital.com.br\/index.php?rest_route=\/wp\/v2\/posts\/197391","targetHints":{"allow":["GET"]}}],"collection":[{"href":"https:\/\/diarioregionaldigital.com.br\/index.php?rest_route=\/wp\/v2\/posts"}],"about":[{"href":"https:\/\/diarioregionaldigital.com.br\/index.php?rest_route=\/wp\/v2\/types\/post"}],"author":[{"embeddable":true,"href":"https:\/\/diarioregionaldigital.com.br\/index.php?rest_route=\/wp\/v2\/users\/246"}],"replies":[{"embeddable":true,"href":"https:\/\/diarioregionaldigital.com.br\/index.php?rest_route=%2Fwp%2Fv2%2Fcomments&post=197391"}],"version-history":[{"count":1,"href":"https:\/\/diarioregionaldigital.com.br\/index.php?rest_route=\/wp\/v2\/posts\/197391\/revisions"}],"predecessor-version":[{"id":197393,"href":"https:\/\/diarioregionaldigital.com.br\/index.php?rest_route=\/wp\/v2\/posts\/197391\/revisions\/197393"}],"wp:featuredmedia":[{"embeddable":true,"href":"https:\/\/diarioregionaldigital.com.br\/index.php?rest_route=\/wp\/v2\/media\/197392"}],"wp:attachment":[{"href":"https:\/\/diarioregionaldigital.com.br\/index.php?rest_route=%2Fwp%2Fv2%2Fmedia&parent=197391"}],"wp:term":[{"taxonomy":"category","embeddable":true,"href":"https:\/\/diarioregionaldigital.com.br\/index.php?rest_route=%2Fwp%2Fv2%2Fcategories&post=197391"},{"taxonomy":"post_tag","embeddable":true,"href":"https:\/\/diarioregionaldigital.com.br\/index.php?rest_route=%2Fwp%2Fv2%2Ftags&post=197391"}],"curies":[{"name":"wp","href":"https:\/\/api.w.org\/{rel}","templated":true}]}}