{"id":197384,"date":"2022-04-08T17:44:12","date_gmt":"2022-04-08T20:44:12","guid":{"rendered":"https:\/\/diarioregionaldigital.com.br\/?p=197384"},"modified":"2022-04-08T17:44:12","modified_gmt":"2022-04-08T20:44:12","slug":"producao-de-veiculos-aumenta-114-em-marco-diz-anfavea","status":"publish","type":"post","link":"https:\/\/diarioregionaldigital.com.br\/?p=197384","title":{"rendered":"Produ\u00e7\u00e3o de ve\u00edculos aumenta 11,4% em mar\u00e7o, diz Anfavea"},"content":{"rendered":"<p>A produ\u00e7\u00e3o de ve\u00edculos automotores aumentou 11,4% em mar\u00e7o na compara\u00e7\u00e3o com fevereiro, chegando a\u00a0184,8 mil unidades. Na compara\u00e7\u00e3o com mar\u00e7o de 2021, a produ\u00e7\u00e3o foi 7,8% inferior. No acumulado do trimestre tamb\u00e9m houve queda ao comparar com o mesmo per\u00edodo do ano passado (-17%). Os dados s\u00e3o do\u00a0balan\u00e7o mensal da Associa\u00e7\u00e3o Nacional dos Fabricantes de Ve\u00edculos Automotores (Anfavea), divulgado\u00a0hoje\u00a0(8), na capital paulista.<img decoding=\"async\" src=\"https:\/\/agenciabrasil.ebc.com.br\/ebc.png?id=1453016&amp;o=node\" \/><img decoding=\"async\" src=\"https:\/\/agenciabrasil.ebc.com.br\/ebc.gif?id=1453016&amp;o=node\" \/><\/p>\n<p>\u201cAl\u00e9m da quest\u00e3o dos semicondutores, tivemos impactos negativos da onda \u00d4micron nos primeiros dois meses do ano, por seu alto \u00edndice de cont\u00e1gio, e um volume de chuvas e alagamentos acima da m\u00e9dia, afetando o deslocamento dos clientes e o funcionamento de v\u00e1rias concession\u00e1rias\u201d, disse o presidente da Anfavea, Luiz Carlos Moraes.<\/p>\n<p>Segundo os dados, as 146,8 mil unidades de autove\u00edculos vendidas em mar\u00e7o representaram alta de 10,9% sobre mar\u00e7o e baixa de 22,5% sobre o mesmo m\u00eas de 2021, quando foram licenciadas 189,4 mil unidades. No acumulado do ano, as vendas apresentaram queda de 23,2% ao totalizarem 405,7 mil, enquanto no mesmo per\u00edodo do ano passado esse total foi de 527,9 mil.<\/p>\n<p>A apura\u00e7\u00e3o tamb\u00e9m mostra que as exporta\u00e7\u00f5es ca\u00edram 6,2% em mar\u00e7o ante fevereiro, com a comercializa\u00e7\u00e3o de 38,9 mil unidades no mercado externo, ante as 41,4 mil vendidas em fevereiro. J\u00e1 no acumulado do primeiro trimestre o embarque de 108,1 mil unidades representou eleva\u00e7\u00e3o de 12,8% nas exporta\u00e7\u00f5es. No\u00a0primeiro trimestre do ano passado, foram\u00a0exportados 95,8 mil ve\u00edculos. Com rela\u00e7\u00e3o a mar\u00e7o do ano passado houve crescimento de 5,8%.<\/p>\n<p>Fonte: Ag\u00eancia Brasil<\/p>\n","protected":false},"excerpt":{"rendered":"<p>A produ\u00e7\u00e3o de ve\u00edculos automotores aumentou 11,4% em mar\u00e7o na compara\u00e7\u00e3o com fevereiro, chegando a\u00a0184,8 mil unidades. Na compara\u00e7\u00e3o com mar\u00e7o de 2021, a produ\u00e7\u00e3o foi 7,8% inferior. No acumulado do trimestre tamb\u00e9m houve queda ao comparar com o mesmo per\u00edodo do ano passado (-17%). Os dados s\u00e3o do\u00a0balan\u00e7o mensal da Associa\u00e7\u00e3o Nacional dos Fabricantes [&hellip;]<\/p>\n","protected":false},"author":246,"featured_media":197385,"comment_status":"closed","ping_status":"closed","sticky":false,"template":"","format":"standard","meta":{"footnotes":""},"categories":[436,261,439],"tags":[],"class_list":["post-197384","post","type-post","status-publish","format-standard","has-post-thumbnail","hentry","category-destaque-da-semana","category-economia","category-ultima-hora"],"_links":{"self":[{"href":"https:\/\/diarioregionaldigital.com.br\/index.php?rest_route=\/wp\/v2\/posts\/197384","targetHints":{"allow":["GET"]}}],"collection":[{"href":"https:\/\/diarioregionaldigital.com.br\/index.php?rest_route=\/wp\/v2\/posts"}],"about":[{"href":"https:\/\/diarioregionaldigital.com.br\/index.php?rest_route=\/wp\/v2\/types\/post"}],"author":[{"embeddable":true,"href":"https:\/\/diarioregionaldigital.com.br\/index.php?rest_route=\/wp\/v2\/users\/246"}],"replies":[{"embeddable":true,"href":"https:\/\/diarioregionaldigital.com.br\/index.php?rest_route=%2Fwp%2Fv2%2Fcomments&post=197384"}],"version-history":[{"count":1,"href":"https:\/\/diarioregionaldigital.com.br\/index.php?rest_route=\/wp\/v2\/posts\/197384\/revisions"}],"predecessor-version":[{"id":197386,"href":"https:\/\/diarioregionaldigital.com.br\/index.php?rest_route=\/wp\/v2\/posts\/197384\/revisions\/197386"}],"wp:featuredmedia":[{"embeddable":true,"href":"https:\/\/diarioregionaldigital.com.br\/index.php?rest_route=\/wp\/v2\/media\/197385"}],"wp:attachment":[{"href":"https:\/\/diarioregionaldigital.com.br\/index.php?rest_route=%2Fwp%2Fv2%2Fmedia&parent=197384"}],"wp:term":[{"taxonomy":"category","embeddable":true,"href":"https:\/\/diarioregionaldigital.com.br\/index.php?rest_route=%2Fwp%2Fv2%2Fcategories&post=197384"},{"taxonomy":"post_tag","embeddable":true,"href":"https:\/\/diarioregionaldigital.com.br\/index.php?rest_route=%2Fwp%2Fv2%2Ftags&post=197384"}],"curies":[{"name":"wp","href":"https:\/\/api.w.org\/{rel}","templated":true}]}}