{"id":197381,"date":"2022-04-08T17:42:05","date_gmt":"2022-04-08T20:42:05","guid":{"rendered":"https:\/\/diarioregionaldigital.com.br\/?p=197381"},"modified":"2022-04-08T17:42:05","modified_gmt":"2022-04-08T20:42:05","slug":"petrobras-anuncia-reducao-no-preco-do-gas-de-cozinha","status":"publish","type":"post","link":"https:\/\/diarioregionaldigital.com.br\/?p=197381","title":{"rendered":"Petrobras anuncia redu\u00e7\u00e3o no pre\u00e7o do g\u00e1s de cozinha"},"content":{"rendered":"<p>A Petrobras anunciou, nesta\u00a0sexta-feira (8), uma redu\u00e7\u00e3o no pre\u00e7o do G\u00e1s Liquefeito de Petr\u00f3leo (GLP), que \u00e9 usado com g\u00e1s de cozinha. A diminui\u00e7\u00e3o no valor foi de R$ 0,25 por quilo. Segundo a companhia, isso foi poss\u00edvel gra\u00e7as \u00e0 taxa de c\u00e2mbio, que tem refletido uma valoriza\u00e7\u00e3o do real frente ao d\u00f3lar.<img decoding=\"async\" src=\"https:\/\/agenciabrasil.ebc.com.br\/ebc.png?id=1453074&amp;o=node\" \/><img decoding=\"async\" src=\"https:\/\/agenciabrasil.ebc.com.br\/ebc.gif?id=1453074&amp;o=node\" \/><\/p>\n<p>\u201cAcompanhando a evolu\u00e7\u00e3o dos pre\u00e7os internacionais e da taxa de c\u00e2mbio, que se estabilizaram em patamar inferior para o GLP, e coerente com a sua pol\u00edtica de pre\u00e7os, a Petrobras reduzir\u00e1 seus pre\u00e7os de venda \u00e0s distribuidoras. A partir de 9\/4, o pre\u00e7o m\u00e9dio de venda de GLP da Petrobras para as distribuidoras passar\u00e1 de R$ 4,48 para R$ 4,23 por kg, equivalente a R$ 54,94 por 13kg, refletindo redu\u00e7\u00e3o m\u00e9dia de R$ 3,27 por 13 kg\u201d, informou a estatal.<\/p>\n<p>Na mesma nota, a Petrobras reiterou seu compromisso com a pr\u00e1tica de pre\u00e7os competitivos e em equil\u00edbrio com o mercado, ao mesmo tempo em que evita o repasse imediato para os pre\u00e7os internos, das volatilidades externas e da taxa de c\u00e2mbio causadas por eventos conjunturais.<\/p>\n<p><span style=\"font-weight: 400;\">Fonte: Ag\u00eancia Brasil <\/span><\/p>\n","protected":false},"excerpt":{"rendered":"<p>A Petrobras anunciou, nesta\u00a0sexta-feira (8), uma redu\u00e7\u00e3o no pre\u00e7o do G\u00e1s Liquefeito de Petr\u00f3leo (GLP), que \u00e9 usado com g\u00e1s de cozinha. A diminui\u00e7\u00e3o no valor foi de R$ 0,25 por quilo. Segundo a companhia, isso foi poss\u00edvel gra\u00e7as \u00e0 taxa de c\u00e2mbio, que tem refletido uma valoriza\u00e7\u00e3o do real frente ao d\u00f3lar. \u201cAcompanhando a [&hellip;]<\/p>\n","protected":false},"author":246,"featured_media":197382,"comment_status":"closed","ping_status":"closed","sticky":false,"template":"","format":"standard","meta":{"footnotes":""},"categories":[436,440,261,439],"tags":[],"class_list":["post-197381","post","type-post","status-publish","format-standard","has-post-thumbnail","hentry","category-destaque-da-semana","category-destaques-do-dia","category-economia","category-ultima-hora"],"_links":{"self":[{"href":"https:\/\/diarioregionaldigital.com.br\/index.php?rest_route=\/wp\/v2\/posts\/197381","targetHints":{"allow":["GET"]}}],"collection":[{"href":"https:\/\/diarioregionaldigital.com.br\/index.php?rest_route=\/wp\/v2\/posts"}],"about":[{"href":"https:\/\/diarioregionaldigital.com.br\/index.php?rest_route=\/wp\/v2\/types\/post"}],"author":[{"embeddable":true,"href":"https:\/\/diarioregionaldigital.com.br\/index.php?rest_route=\/wp\/v2\/users\/246"}],"replies":[{"embeddable":true,"href":"https:\/\/diarioregionaldigital.com.br\/index.php?rest_route=%2Fwp%2Fv2%2Fcomments&post=197381"}],"version-history":[{"count":1,"href":"https:\/\/diarioregionaldigital.com.br\/index.php?rest_route=\/wp\/v2\/posts\/197381\/revisions"}],"predecessor-version":[{"id":197383,"href":"https:\/\/diarioregionaldigital.com.br\/index.php?rest_route=\/wp\/v2\/posts\/197381\/revisions\/197383"}],"wp:featuredmedia":[{"embeddable":true,"href":"https:\/\/diarioregionaldigital.com.br\/index.php?rest_route=\/wp\/v2\/media\/197382"}],"wp:attachment":[{"href":"https:\/\/diarioregionaldigital.com.br\/index.php?rest_route=%2Fwp%2Fv2%2Fmedia&parent=197381"}],"wp:term":[{"taxonomy":"category","embeddable":true,"href":"https:\/\/diarioregionaldigital.com.br\/index.php?rest_route=%2Fwp%2Fv2%2Fcategories&post=197381"},{"taxonomy":"post_tag","embeddable":true,"href":"https:\/\/diarioregionaldigital.com.br\/index.php?rest_route=%2Fwp%2Fv2%2Ftags&post=197381"}],"curies":[{"name":"wp","href":"https:\/\/api.w.org\/{rel}","templated":true}]}}