{"id":197371,"date":"2022-04-07T20:00:13","date_gmt":"2022-04-07T23:00:13","guid":{"rendered":"https:\/\/diarioregionaldigital.com.br\/?p=197371"},"modified":"2022-04-07T20:00:13","modified_gmt":"2022-04-07T23:00:13","slug":"parceria-entre-prefeitura-e-penitenciaria-promove-reciclagem-de-isopor","status":"publish","type":"post","link":"https:\/\/diarioregionaldigital.com.br\/?p=197371","title":{"rendered":"Parceria entre Prefeitura e Penitenci\u00e1ria promove reciclagem de isopor"},"content":{"rendered":"<p>Segundo informa\u00e7\u00f5es do site da Prefeitura de Juiz de Fora, o isopor \u00e9 um dos materiais que leva maior tempo para se decompor no meio ambiente. De acordo com a Funda\u00e7\u00e3o Oswaldo Cruz (Fiocruz), ele pode levar at\u00e9 400 anos para se deteriorar, trazendo grandes preju\u00edzos \u00e0 natureza quando descartado indevidamente. Pensando nisso, a Prefeitura de Juiz de Fora (PJF) vem buscando meios de reduzir o descarte incorreto de isopores na cidade. Uma das a\u00e7\u00f5es est\u00e1 sendo feita na Penitenci\u00e1ria de Juiz de Fora I &#8211; Jos\u00e9 Edson Cavalieri (Pjec), onde os presos, sob orienta\u00e7\u00e3o do Departamento Municipal de Limpeza Urbana (Demlurb), come\u00e7aram a higienizar os marmitex ap\u00f3s as refei\u00e7\u00f5es para que, posteriormente, eles sejam destinados \u00e0s associa\u00e7\u00f5es de catadores de res\u00edduos recicl\u00e1veis.<\/p>\n<p>No local, s\u00e3o descartados, aproximadamente, 1.600 marmitex por dia, que fazem parte do almo\u00e7o e jantar dos detentos. Ap\u00f3s serem lavados, eles s\u00e3o colocados para secar e acondicionados em bags para serem entregues pelo Demlurb \u00e0s associa\u00e7\u00f5es de catadores conveniadas com o munic\u00edpio. Um quilo de isopor pode ser vendido a cerca de R$ 1,00, podendo variar para mais, agregando renda aos catadores e, consequentemente, promovendo a sustentabilidade, j\u00e1 que o material recebe a destina\u00e7\u00e3o correta.<\/p>\n<p>A engenheira ambiental e assessora do Demlurb, Vict\u00f3ria Abrah\u00e3o, explica que \u201capenas 34% do isopor consumido no Brasil \u00e9 reciclado, por isso, \u00e9 necess\u00e1rio estimular o reaproveitamento desse material\u201d. Vict\u00f3ria ressalta que \u201co isopor pode ser transformado em rodap\u00e9s, guarni\u00e7\u00f5es, rodameios, rodatetos, revestimentos, decks, entre outros\u201d, e frisa que \u201cn\u00e3o \u00e9 poss\u00edvel reciclar o isopor que contenha gesso, cola, etiquetas, terra, tinta, alimentos sem higieniza\u00e7\u00e3o, por exemplo\u201d.<\/p>\n<p>A subdiretora de Humaniza\u00e7\u00e3o e Atendimento da Penitenci\u00e1ria de Juiz de Fora I &#8211; Jos\u00e9 Edson Cavalieri (Pjec), Lucinda Monteiro Noujaim Tavares, afirma que o objetivo \u00e9 fazer com que o projeto se estenda para todo o complexo penitenci\u00e1rio do munic\u00edpio. \u201cA Pjec \u00e9 o pr\u00e9dio principal, que engloba tamb\u00e9m o Anexo Feminino Eliane Betti e o Centro de Ressocializa\u00e7\u00e3o (CR), que \u00e9 masculino. A princ\u00edpio, n\u00f3s iniciamos esse projeto apenas com as marmitas do pr\u00e9dio principal. Agora, que conseguimos firmar essa a\u00e7\u00e3o, n\u00f3s vamos estender para o anexo feminino e depois para o CR. Quando conseguirmos realizar a reciclagem em toda a Pjec, ou seja, nos tr\u00eas pr\u00e9dios, n\u00f3s pretendemos entrar em contato com a dire\u00e7\u00e3o da Ariosvaldo Campos Pires, que se trata de outra Unidade, a Penitenci\u00e1ria de Juiz de Fora II, para realizarem tamb\u00e9m a reciclagem\u201d.<\/p>\n<p>A reciclagem do isopor apresenta uma s\u00e9rie de vantagens, como impactos positivos ao meio ambiente, diversidade de produtos transformados, sustentabilidade e gera\u00e7\u00e3o de servi\u00e7os para catadores de materiais recicl\u00e1veis. O volume do material recolhido por associa\u00e7\u00f5es de catadores da cidade ainda \u00e9 baixo, mas com o descarte consciente de cada pessoa \u00e9 poss\u00edvel transformar essa situa\u00e7\u00e3o.<\/p>\n","protected":false},"excerpt":{"rendered":"<p>Segundo informa\u00e7\u00f5es do site da Prefeitura de Juiz de Fora, o isopor \u00e9 um dos materiais que leva maior tempo para se decompor no meio ambiente. De acordo com a Funda\u00e7\u00e3o Oswaldo Cruz (Fiocruz), ele pode levar at\u00e9 400 anos para se deteriorar, trazendo grandes preju\u00edzos \u00e0 natureza quando descartado indevidamente. Pensando nisso, a Prefeitura [&hellip;]<\/p>\n","protected":false},"author":246,"featured_media":197372,"comment_status":"closed","ping_status":"closed","sticky":false,"template":"","format":"standard","meta":{"footnotes":""},"categories":[253,436,439],"tags":[],"class_list":["post-197371","post","type-post","status-publish","format-standard","has-post-thumbnail","hentry","category-cidade","category-destaque-da-semana","category-ultima-hora"],"_links":{"self":[{"href":"https:\/\/diarioregionaldigital.com.br\/index.php?rest_route=\/wp\/v2\/posts\/197371","targetHints":{"allow":["GET"]}}],"collection":[{"href":"https:\/\/diarioregionaldigital.com.br\/index.php?rest_route=\/wp\/v2\/posts"}],"about":[{"href":"https:\/\/diarioregionaldigital.com.br\/index.php?rest_route=\/wp\/v2\/types\/post"}],"author":[{"embeddable":true,"href":"https:\/\/diarioregionaldigital.com.br\/index.php?rest_route=\/wp\/v2\/users\/246"}],"replies":[{"embeddable":true,"href":"https:\/\/diarioregionaldigital.com.br\/index.php?rest_route=%2Fwp%2Fv2%2Fcomments&post=197371"}],"version-history":[{"count":1,"href":"https:\/\/diarioregionaldigital.com.br\/index.php?rest_route=\/wp\/v2\/posts\/197371\/revisions"}],"predecessor-version":[{"id":197373,"href":"https:\/\/diarioregionaldigital.com.br\/index.php?rest_route=\/wp\/v2\/posts\/197371\/revisions\/197373"}],"wp:featuredmedia":[{"embeddable":true,"href":"https:\/\/diarioregionaldigital.com.br\/index.php?rest_route=\/wp\/v2\/media\/197372"}],"wp:attachment":[{"href":"https:\/\/diarioregionaldigital.com.br\/index.php?rest_route=%2Fwp%2Fv2%2Fmedia&parent=197371"}],"wp:term":[{"taxonomy":"category","embeddable":true,"href":"https:\/\/diarioregionaldigital.com.br\/index.php?rest_route=%2Fwp%2Fv2%2Fcategories&post=197371"},{"taxonomy":"post_tag","embeddable":true,"href":"https:\/\/diarioregionaldigital.com.br\/index.php?rest_route=%2Fwp%2Fv2%2Ftags&post=197371"}],"curies":[{"name":"wp","href":"https:\/\/api.w.org\/{rel}","templated":true}]}}