{"id":197364,"date":"2022-04-07T19:55:14","date_gmt":"2022-04-07T22:55:14","guid":{"rendered":"https:\/\/diarioregionaldigital.com.br\/?p=197364"},"modified":"2022-04-07T19:55:14","modified_gmt":"2022-04-07T22:55:14","slug":"nova-pesquisa-do-procon-revela-a-importancia-do-consumidor-comparar-o-preco-do-etanol-e-da-gasolina","status":"publish","type":"post","link":"https:\/\/diarioregionaldigital.com.br\/?p=197364","title":{"rendered":"Nova pesquisa do Procon revela a import\u00e2ncia do consumidor comparar o pre\u00e7o do etanol e da gasolina"},"content":{"rendered":"<p>Segundo informa\u00e7\u00f5es do site da Prefeitura de Juiz de Fora, a Ag\u00eancia de Prote\u00e7\u00e3o e Defesa do Consumidor (Procon\/JF) da Prefeitura de Juiz de Fora (PJF), por meio do Departamento de Estudos Pesquisas e Projetos (DEPP), realizou nova pesquisa por amostragem a fim de levantar varia\u00e7\u00f5es do pre\u00e7o dos combust\u00edveis em na regi\u00e3o norte da cidade, no dia 4 de abril.\u00a0 A partir dos dados coletados, foi poss\u00edvel observar que etanol, gasolina comum, gasolina aditivada, diesel e diesel S-10 permanecem com pre\u00e7os em alta.<\/p>\n<p>O pre\u00e7o m\u00ednimo da gasolina comum encontrado foi de R$ 7,49, enquanto que do etanol foi de R$ 5,19. Lembrando que vale a pena abastecer com etanol somente quando, em compara\u00e7\u00e3o, custar\u00a0<strong>at\u00e9 70%<\/strong>\u00a0do valor da gasolina.<\/p>\n<p>A an\u00e1lise comparativa entre o valor do Etanol e a Gasolina revelou que, em todos os postos que fizeram parte da pesquisa na regi\u00e3o, o abastecimento com etanol est\u00e1 mais vantajoso, uma vez que em todos os estabelecimentos observados a rela\u00e7\u00e3o entre etanol e gasolina estava abaixo de 0,7.<\/p>\n<p>&nbsp;<\/p>\n<p>O Procon de Juiz de Fora faz acompanhamento dos pre\u00e7os dos combust\u00edveis realizando coleta de dados, a cada quinze dias, em diferentes regi\u00f5es da cidade. A cada pesquisa s\u00e3o visitados 10 postos de combust\u00edveis e entre as an\u00e1lises feitas fazemos a m\u00e9dia dos valores praticados para Gasolina Comum, Gasolina Aditivada, Etanol, Diesel e Diesel S-10.<\/p>\n<p>&nbsp;<\/p>\n<p>Acompanhe as varia\u00e7\u00f5es, atrav\u00e9s da\u00a0<a href=\"https:\/\/www.pjf.mg.gov.br\/administracao_indireta\/procon\/pesquisas\/\"><strong>p\u00e1gina de pesquisas do Procon\/JF<\/strong><\/a>\u00a0no portal da PJF.<\/p>\n","protected":false},"excerpt":{"rendered":"<p>Segundo informa\u00e7\u00f5es do site da Prefeitura de Juiz de Fora, a Ag\u00eancia de Prote\u00e7\u00e3o e Defesa do Consumidor (Procon\/JF) da Prefeitura de Juiz de Fora (PJF), por meio do Departamento de Estudos Pesquisas e Projetos (DEPP), realizou nova pesquisa por amostragem a fim de levantar varia\u00e7\u00f5es do pre\u00e7o dos combust\u00edveis em na regi\u00e3o norte da [&hellip;]<\/p>\n","protected":false},"author":246,"featured_media":197365,"comment_status":"closed","ping_status":"closed","sticky":false,"template":"","format":"standard","meta":{"footnotes":""},"categories":[253,436,439],"tags":[],"class_list":["post-197364","post","type-post","status-publish","format-standard","has-post-thumbnail","hentry","category-cidade","category-destaque-da-semana","category-ultima-hora"],"_links":{"self":[{"href":"https:\/\/diarioregionaldigital.com.br\/index.php?rest_route=\/wp\/v2\/posts\/197364","targetHints":{"allow":["GET"]}}],"collection":[{"href":"https:\/\/diarioregionaldigital.com.br\/index.php?rest_route=\/wp\/v2\/posts"}],"about":[{"href":"https:\/\/diarioregionaldigital.com.br\/index.php?rest_route=\/wp\/v2\/types\/post"}],"author":[{"embeddable":true,"href":"https:\/\/diarioregionaldigital.com.br\/index.php?rest_route=\/wp\/v2\/users\/246"}],"replies":[{"embeddable":true,"href":"https:\/\/diarioregionaldigital.com.br\/index.php?rest_route=%2Fwp%2Fv2%2Fcomments&post=197364"}],"version-history":[{"count":2,"href":"https:\/\/diarioregionaldigital.com.br\/index.php?rest_route=\/wp\/v2\/posts\/197364\/revisions"}],"predecessor-version":[{"id":197367,"href":"https:\/\/diarioregionaldigital.com.br\/index.php?rest_route=\/wp\/v2\/posts\/197364\/revisions\/197367"}],"wp:featuredmedia":[{"embeddable":true,"href":"https:\/\/diarioregionaldigital.com.br\/index.php?rest_route=\/wp\/v2\/media\/197365"}],"wp:attachment":[{"href":"https:\/\/diarioregionaldigital.com.br\/index.php?rest_route=%2Fwp%2Fv2%2Fmedia&parent=197364"}],"wp:term":[{"taxonomy":"category","embeddable":true,"href":"https:\/\/diarioregionaldigital.com.br\/index.php?rest_route=%2Fwp%2Fv2%2Fcategories&post=197364"},{"taxonomy":"post_tag","embeddable":true,"href":"https:\/\/diarioregionaldigital.com.br\/index.php?rest_route=%2Fwp%2Fv2%2Ftags&post=197364"}],"curies":[{"name":"wp","href":"https:\/\/api.w.org\/{rel}","templated":true}]}}