{"id":197361,"date":"2022-04-07T19:52:03","date_gmt":"2022-04-07T22:52:03","guid":{"rendered":"https:\/\/diarioregionaldigital.com.br\/?p=197361"},"modified":"2022-04-07T19:52:03","modified_gmt":"2022-04-07T22:52:03","slug":"smu-promove-alteracao-de-circulacao-da-rua-joao-carrico","status":"publish","type":"post","link":"https:\/\/diarioregionaldigital.com.br\/?p=197361","title":{"rendered":"SMU promove altera\u00e7\u00e3o de circula\u00e7\u00e3o da Rua Jo\u00e3o Carri\u00e7o"},"content":{"rendered":"<div id=\"box_texto_noticia\">\n<p>Segundo informa\u00e7\u00f5es do site da Prefeitura de Juiz de Fora, a partir da pr\u00f3xima segunda-feira, 11, a Rua Jo\u00e3o Carri\u00e7o, no Centro, passa a operar em m\u00e3o \u00fanica, no sentido entre a Rua Francisco Vale e Miguel Batista Lima. As altera\u00e7\u00f5es visam melhorar o fluxo de ve\u00edculos na regi\u00e3o, que foi intensificado ap\u00f3s a inaugura\u00e7\u00e3o de um novo complexo do Col\u00e9gio dos Jesu\u00edtas na via. Ap\u00f3s diversas reuni\u00f5es com os representantes da institui\u00e7\u00e3o, de pais de alunos e de moradores do entorno, a Secretaria de Mobilidade Urbana (SMU) da Prefeitura de Juiz de Fora (PJF) desenvolveu o projeto t\u00e9cnico com as mudan\u00e7as a serem implantadas.<\/p>\n<p>Para chegar at\u00e9 o novo complexo do col\u00e9gio, os motoristas precisam acessar a Rua Francisco Vale, oriundos da Rua Esp\u00edrito Santo ou Oscar Vidal; em seguida a Rua Jo\u00e3o Carri\u00e7o; e ap\u00f3s, a Rua Miguel Batista Lima. Na segunda-feira, quando ser\u00e1 iniciada a altera\u00e7\u00e3o, os agentes de transporte e tr\u00e2nsito realizam o trabalho de orienta\u00e7\u00e3o, monitoramento e fiscaliza\u00e7\u00e3o do tr\u00e1fego local, antes, durante e ap\u00f3s a conclus\u00e3o da instala\u00e7\u00e3o da sinaliza\u00e7\u00e3o vertical e horizontal pela SMU. Faixas de alerta aos motoristas sobre as mudan\u00e7as tamb\u00e9m ser\u00e3o instaladas no local.<\/p>\n<p>Ap\u00f3s as reuni\u00f5es com a PJF e para contribuir com a melhoria do tr\u00e2nsito no entorno, o col\u00e9gio tamb\u00e9m promoveu uma reengenharia interna para circula\u00e7\u00e3o de ve\u00edculos e pedestres, o que permitiu que dezenas de carros estejam, simultaneamente, dentro do p\u00e1tio da institui\u00e7\u00e3o para embarque e desembarque dos alunos, al\u00e9m de ser ampliada a \u00e1rea dispon\u00edvel para o estacionamento. O di\u00e1logo iniciado no ano passado, est\u00e1 contribuindo para minimizar os impactos no tr\u00e2nsito.<\/p>\n<p>O contato entre a PJF, o col\u00e9gio e os moradores continuar\u00e1 aberto. Al\u00e9m disso, a SMU pretende se reunir com diversas outras institui\u00e7\u00f5es de ensino da cidade para buscar solu\u00e7\u00f5es conjuntas, principalmente com aquelas em que a entrada e sa\u00edda dos alunos geram transtornos ao tr\u00e2nsito.<\/p>\n<p><strong>Confira as altera\u00e7\u00f5es no anexo<\/strong>\n<\/div>\n<div class=\"texto_anexo\"><img loading=\"lazy\" decoding=\"async\" src=\"https:\/\/www.pjf.mg.gov.br\/imagens\/clips.jpg\" width=\"22\" height=\"20\" \/>\u00a0<a href=\"https:\/\/www.pjf.mg.gov.br\/noticias\/anexo\/Rua_Joao_Carrico_PORTARIA(1).pdf\" target=\"_blank\" rel=\"noopener\">Veja o anexo<\/a><\/div>\n","protected":false},"excerpt":{"rendered":"<p>Segundo informa\u00e7\u00f5es do site da Prefeitura de Juiz de Fora, a partir da pr\u00f3xima segunda-feira, 11, a Rua Jo\u00e3o Carri\u00e7o, no Centro, passa a operar em m\u00e3o \u00fanica, no sentido entre a Rua Francisco Vale e Miguel Batista Lima. As altera\u00e7\u00f5es visam melhorar o fluxo de ve\u00edculos na regi\u00e3o, que foi intensificado ap\u00f3s a inaugura\u00e7\u00e3o [&hellip;]<\/p>\n","protected":false},"author":246,"featured_media":197362,"comment_status":"closed","ping_status":"closed","sticky":false,"template":"","format":"standard","meta":{"footnotes":""},"categories":[253,436,440,439],"tags":[],"class_list":["post-197361","post","type-post","status-publish","format-standard","has-post-thumbnail","hentry","category-cidade","category-destaque-da-semana","category-destaques-do-dia","category-ultima-hora"],"_links":{"self":[{"href":"https:\/\/diarioregionaldigital.com.br\/index.php?rest_route=\/wp\/v2\/posts\/197361","targetHints":{"allow":["GET"]}}],"collection":[{"href":"https:\/\/diarioregionaldigital.com.br\/index.php?rest_route=\/wp\/v2\/posts"}],"about":[{"href":"https:\/\/diarioregionaldigital.com.br\/index.php?rest_route=\/wp\/v2\/types\/post"}],"author":[{"embeddable":true,"href":"https:\/\/diarioregionaldigital.com.br\/index.php?rest_route=\/wp\/v2\/users\/246"}],"replies":[{"embeddable":true,"href":"https:\/\/diarioregionaldigital.com.br\/index.php?rest_route=%2Fwp%2Fv2%2Fcomments&post=197361"}],"version-history":[{"count":1,"href":"https:\/\/diarioregionaldigital.com.br\/index.php?rest_route=\/wp\/v2\/posts\/197361\/revisions"}],"predecessor-version":[{"id":197363,"href":"https:\/\/diarioregionaldigital.com.br\/index.php?rest_route=\/wp\/v2\/posts\/197361\/revisions\/197363"}],"wp:featuredmedia":[{"embeddable":true,"href":"https:\/\/diarioregionaldigital.com.br\/index.php?rest_route=\/wp\/v2\/media\/197362"}],"wp:attachment":[{"href":"https:\/\/diarioregionaldigital.com.br\/index.php?rest_route=%2Fwp%2Fv2%2Fmedia&parent=197361"}],"wp:term":[{"taxonomy":"category","embeddable":true,"href":"https:\/\/diarioregionaldigital.com.br\/index.php?rest_route=%2Fwp%2Fv2%2Fcategories&post=197361"},{"taxonomy":"post_tag","embeddable":true,"href":"https:\/\/diarioregionaldigital.com.br\/index.php?rest_route=%2Fwp%2Fv2%2Ftags&post=197361"}],"curies":[{"name":"wp","href":"https:\/\/api.w.org\/{rel}","templated":true}]}}