{"id":197352,"date":"2022-04-07T19:41:45","date_gmt":"2022-04-07T22:41:45","guid":{"rendered":"https:\/\/diarioregionaldigital.com.br\/?p=197352"},"modified":"2022-04-07T19:41:45","modified_gmt":"2022-04-07T22:41:45","slug":"natacao-brasil-tem-mais-4-classificados-para-o-mundial-de-budapeste","status":"publish","type":"post","link":"https:\/\/diarioregionaldigital.com.br\/?p=197352","title":{"rendered":"Nata\u00e7\u00e3o: Brasil tem mais 4 classificados para o Mundial de Budapeste"},"content":{"rendered":"<p>Mais quatro atletas se classificaram para o Campeonato Mundial de Budapeste (Hungria), nesta quarta-feira (6) durante o terceiro dia de Trof\u00e9u Brasil de Nata\u00e7\u00e3o, que \u00e9 disputado no Parque Aqu\u00e1tico Maria Lenk, no Rio de Janeiro.<img decoding=\"async\" src=\"https:\/\/agenciabrasil.ebc.com.br\/ebc.png?id=1452748&amp;o=node\" \/><img decoding=\"async\" src=\"https:\/\/agenciabrasil.ebc.com.br\/ebc.gif?id=1452748&amp;o=node\" \/><\/p>\n<p>Entre as mulheres, Viviane Jungblut e Beatriz Dizotti se garantiram na prova dos 1.500 metros estilo livre. Assim elas se juntam, na equipe feminina, a Jhennifer Concei\u00e7\u00e3o, Stephanie Balduccini e ao revezamento 4&#215;200 metros livre.<\/p>\n<p>\u201cCom certeza meu objetivo foi mais do que cumprido aqui nessa prova. Tenho ci\u00eancia de que tenho que mudar algumas coisas e ajustar para competir em n\u00edvel internacional, mas estou feliz com meu resultado\u201d, afirmou Viviane. J\u00e1 Beatriz Dizotti declarou: \u201cPrimeiro mundial de longa. Muito feliz com o resultado e com o trabalho que est\u00e1 sendo feito. Vamos melhorar e evoluir at\u00e9 Budapeste\u201d.<\/p>\n<p>Quem ter\u00e1 uma nova oportunidade de conquistar mais uma medalha para o Brasil em Budapeste ser\u00e1 Jo\u00e3o Gomes J\u00fanior. O nadador, que nadou em 26s62 nos 50 metros peito, j\u00e1 foi medalhista na edi\u00e7\u00e3o 2017 da competi\u00e7\u00e3o. \u201cBom voltar \u00e0 Budapeste. Foi l\u00e1 que comecei meu ciclo para T\u00f3quio e fui muito bem. \u00c9 uma prova que eu me sinto bem, e estive no p\u00f3dio nas \u00faltimas duas edi\u00e7\u00f5es de Mundial e espero continuar l\u00e1 n\u00e9?\u201d, afirmou.<\/p>\n<p>O quarto classificado para o Campeonato Mundial foi Matheus Gonche, que nadou a prova dos 200 metros borboleta em 1min56s30 para desbancar o favorito Leonardo de Deus.<\/p>\n<p>Fonte: Ag\u00eancia Brasil<\/p>\n","protected":false},"excerpt":{"rendered":"<p>Mais quatro atletas se classificaram para o Campeonato Mundial de Budapeste (Hungria), nesta quarta-feira (6) durante o terceiro dia de Trof\u00e9u Brasil de Nata\u00e7\u00e3o, que \u00e9 disputado no Parque Aqu\u00e1tico Maria Lenk, no Rio de Janeiro. Entre as mulheres, Viviane Jungblut e Beatriz Dizotti se garantiram na prova dos 1.500 metros estilo livre. Assim elas [&hellip;]<\/p>\n","protected":false},"author":246,"featured_media":197353,"comment_status":"closed","ping_status":"closed","sticky":false,"template":"","format":"standard","meta":{"footnotes":""},"categories":[436,257,439],"tags":[],"class_list":["post-197352","post","type-post","status-publish","format-standard","has-post-thumbnail","hentry","category-destaque-da-semana","category-esporte","category-ultima-hora"],"_links":{"self":[{"href":"https:\/\/diarioregionaldigital.com.br\/index.php?rest_route=\/wp\/v2\/posts\/197352","targetHints":{"allow":["GET"]}}],"collection":[{"href":"https:\/\/diarioregionaldigital.com.br\/index.php?rest_route=\/wp\/v2\/posts"}],"about":[{"href":"https:\/\/diarioregionaldigital.com.br\/index.php?rest_route=\/wp\/v2\/types\/post"}],"author":[{"embeddable":true,"href":"https:\/\/diarioregionaldigital.com.br\/index.php?rest_route=\/wp\/v2\/users\/246"}],"replies":[{"embeddable":true,"href":"https:\/\/diarioregionaldigital.com.br\/index.php?rest_route=%2Fwp%2Fv2%2Fcomments&post=197352"}],"version-history":[{"count":1,"href":"https:\/\/diarioregionaldigital.com.br\/index.php?rest_route=\/wp\/v2\/posts\/197352\/revisions"}],"predecessor-version":[{"id":197354,"href":"https:\/\/diarioregionaldigital.com.br\/index.php?rest_route=\/wp\/v2\/posts\/197352\/revisions\/197354"}],"wp:featuredmedia":[{"embeddable":true,"href":"https:\/\/diarioregionaldigital.com.br\/index.php?rest_route=\/wp\/v2\/media\/197353"}],"wp:attachment":[{"href":"https:\/\/diarioregionaldigital.com.br\/index.php?rest_route=%2Fwp%2Fv2%2Fmedia&parent=197352"}],"wp:term":[{"taxonomy":"category","embeddable":true,"href":"https:\/\/diarioregionaldigital.com.br\/index.php?rest_route=%2Fwp%2Fv2%2Fcategories&post=197352"},{"taxonomy":"post_tag","embeddable":true,"href":"https:\/\/diarioregionaldigital.com.br\/index.php?rest_route=%2Fwp%2Fv2%2Ftags&post=197352"}],"curies":[{"name":"wp","href":"https:\/\/api.w.org\/{rel}","templated":true}]}}