{"id":197348,"date":"2022-04-07T19:39:55","date_gmt":"2022-04-07T22:39:55","guid":{"rendered":"https:\/\/diarioregionaldigital.com.br\/?p=197348"},"modified":"2022-04-07T19:39:55","modified_gmt":"2022-04-07T22:39:55","slug":"apos-estreia-vitoriosa-na-sul-americana-fluminense-foca-no-brasileiro","status":"publish","type":"post","link":"https:\/\/diarioregionaldigital.com.br\/?p=197348","title":{"rendered":"Ap\u00f3s estreia vitoriosa na Sul-Americana, Fluminense foca no Brasileiro"},"content":{"rendered":"<p>O\u00a0 Fluminense come\u00e7ou bem a luta pelo t\u00edtulo da Sul-Americana. Depois da elimina\u00e7\u00e3o precoce na Libertadores da Am\u00e9rica, o time mostrou poder de recupera\u00e7\u00e3o conquistando o t\u00edtulo estadual e estreando no torneio continental com vit\u00f3ria sobre o Oriente Petrolero (Bol\u00edvia) por 3 a 0, na noite de quarta-feira (6)no Maracan\u00e3.<img decoding=\"async\" src=\"https:\/\/agenciabrasil.ebc.com.br\/ebc.png?id=1452857&amp;o=node\" \/><img decoding=\"async\" src=\"https:\/\/agenciabrasil.ebc.com.br\/ebc.gif?id=1452857&amp;o=node\" \/><\/p>\n<p>Com o resultado, o Tricolor terminou a primeira rodada como l\u00edder do Grupo H, com tr\u00eas pontos. No outro confronto do grupo, Junior Barranquilla e Uni\u00f3n Santa Fe empataram em 1 a 1.<\/p>\n<p>O time de Abel Braga n\u00e3o encontrou tantas dificuldades. A equipe boliviana at\u00e9 correu bastante, mas a diferen\u00e7a t\u00e9cnica era muito grande. Ganso, mais uma vez, desfilou em campo e foi eleito o melhor jogador da partida. Nas gra\u00e7as do treinador, o meio-campista j\u00e1 foi at\u00e9 escalado por Abel para o duelo de\u00a0s\u00e1bado, contra o Santos, no Maracan\u00e3, pela primeira rodada do Campeonato Brasileiro. Ganso atribui o crescimento da equipe ao estilo de jogo.<\/p>\n<p>\u201cA gente t\u00e1 procurando jogar mais,\u00a0ter\u00a0a marca\u00e7\u00e3o mais em cima do advers\u00e1rio, estar mais perto do gol do advers\u00e1rio, por isso as coisas est\u00e3o acontecendo. Mas tem muita competi\u00e7\u00e3o, jogo atr\u00e1s de jogo e todo mundo no nosso time vai mudar, as pe\u00e7as v\u00e3o mudar, mas o estilo de jogo tem que ser mantido\u201d, disse o camisa 10 em coletiva ap\u00f3s o jogo.<\/p>\n<div class=\"dnd-widget-wrapper context-cheio_8colunas type-audio\">\n<div class=\"dnd-atom-rendered\">\n<div class=\"col-lg-12 shadow-sm sticky-element px-0 m-0 z-9\">\n<div class=\"rounded-lg\">\n<div class=\"player-wrapper bg-secondary\">\n<p>Para o duelo diante do Peixe, Abel Braga provavelmente vai fazer mudan\u00e7as na equipe. No entanto, o t\u00e9cnico passou confian\u00e7a a quem entrar em campo.<\/p>\n<p>\u201cO time que entrar em campo vai ser sempre o melhor.\u00a0Hoje\u00a0eu n\u00e3o tive o Nino, perdi o Manoel, n\u00e3o tive o Calegari, que estava no limite, tentei poupar alguns jogadores, principalmente o Andr\u00e9, o Arias tamb\u00e9m tem feito jogos muito bons. \u00c9 um desgaste muito grande porque, principalmente pela caracter\u00edstica do Ganso, \u00e9 um ataque mexido. Quando voc\u00ea tem atacantes destas caracter\u00edsticas, tem que\u00a0ter\u00a0um meia no campo. O que a fisiologia e a prepara\u00e7\u00e3o f\u00edsica falarem sobre quem pode ou n\u00e3o pode entrar, \u00e9 s\u00f3 o que eu vou mudar. Eu vou tentar botar o melhor que eu tenho\u201d, garantiu o treinador.<\/p>\n<p>Depois de enfrentar o Santos no s\u00e1bado (9), o Fluminense tem novo compromisso pela Sul-Americana. Na pr\u00f3xima quarta\u00a0(13) o Tricolor encara fora de casa\u00a0\u00a0os colombianos do Junior Barranquilla.<\/p>\n<p>Fonte: Ag\u00eancia Brasil<\/p>\n<div id=\"mep_0\" class=\"mejs__container mejs__container-keyboard-inactive rounded-lg shadow-sm mejs__audio\" tabindex=\"0\" role=\"application\" aria-label=\"Audio Player\">\n<div class=\"mejs__inner\">\n<div class=\"mejs__layers\"><\/div>\n<div class=\"mejs__controls\">\n<div class=\"mejs__button mejs__playpause-button mejs__play\"><\/div>\n<\/div>\n<\/div>\n<\/div>\n<\/div>\n<\/div>\n<\/div>\n<\/div>\n<\/div>\n","protected":false},"excerpt":{"rendered":"<p>O\u00a0 Fluminense come\u00e7ou bem a luta pelo t\u00edtulo da Sul-Americana. Depois da elimina\u00e7\u00e3o precoce na Libertadores da Am\u00e9rica, o time mostrou poder de recupera\u00e7\u00e3o conquistando o t\u00edtulo estadual e estreando no torneio continental com vit\u00f3ria sobre o Oriente Petrolero (Bol\u00edvia) por 3 a 0, na noite de quarta-feira (6)no Maracan\u00e3. Com o resultado, o Tricolor [&hellip;]<\/p>\n","protected":false},"author":246,"featured_media":197349,"comment_status":"closed","ping_status":"closed","sticky":false,"template":"","format":"standard","meta":{"footnotes":""},"categories":[436,440,257,439],"tags":[],"class_list":["post-197348","post","type-post","status-publish","format-standard","has-post-thumbnail","hentry","category-destaque-da-semana","category-destaques-do-dia","category-esporte","category-ultima-hora"],"_links":{"self":[{"href":"https:\/\/diarioregionaldigital.com.br\/index.php?rest_route=\/wp\/v2\/posts\/197348","targetHints":{"allow":["GET"]}}],"collection":[{"href":"https:\/\/diarioregionaldigital.com.br\/index.php?rest_route=\/wp\/v2\/posts"}],"about":[{"href":"https:\/\/diarioregionaldigital.com.br\/index.php?rest_route=\/wp\/v2\/types\/post"}],"author":[{"embeddable":true,"href":"https:\/\/diarioregionaldigital.com.br\/index.php?rest_route=\/wp\/v2\/users\/246"}],"replies":[{"embeddable":true,"href":"https:\/\/diarioregionaldigital.com.br\/index.php?rest_route=%2Fwp%2Fv2%2Fcomments&post=197348"}],"version-history":[{"count":2,"href":"https:\/\/diarioregionaldigital.com.br\/index.php?rest_route=\/wp\/v2\/posts\/197348\/revisions"}],"predecessor-version":[{"id":197351,"href":"https:\/\/diarioregionaldigital.com.br\/index.php?rest_route=\/wp\/v2\/posts\/197348\/revisions\/197351"}],"wp:featuredmedia":[{"embeddable":true,"href":"https:\/\/diarioregionaldigital.com.br\/index.php?rest_route=\/wp\/v2\/media\/197349"}],"wp:attachment":[{"href":"https:\/\/diarioregionaldigital.com.br\/index.php?rest_route=%2Fwp%2Fv2%2Fmedia&parent=197348"}],"wp:term":[{"taxonomy":"category","embeddable":true,"href":"https:\/\/diarioregionaldigital.com.br\/index.php?rest_route=%2Fwp%2Fv2%2Fcategories&post=197348"},{"taxonomy":"post_tag","embeddable":true,"href":"https:\/\/diarioregionaldigital.com.br\/index.php?rest_route=%2Fwp%2Fv2%2Ftags&post=197348"}],"curies":[{"name":"wp","href":"https:\/\/api.w.org\/{rel}","templated":true}]}}