{"id":197235,"date":"2022-04-05T18:39:26","date_gmt":"2022-04-05T21:39:26","guid":{"rendered":"https:\/\/diarioregionaldigital.com.br\/?p=197235"},"modified":"2022-04-05T18:39:26","modified_gmt":"2022-04-05T21:39:26","slug":"prefeitura-lanca-edital-de-r-300-mil-para-incentivar-o-turismo-em-juiz-de-fora","status":"publish","type":"post","link":"https:\/\/diarioregionaldigital.com.br\/?p=197235","title":{"rendered":"Prefeitura lan\u00e7a edital de R$ 300 mil para incentivar o turismo em Juiz de Fora"},"content":{"rendered":"<p>Segundo informa\u00e7\u00f5es do site da Prefeitura de Juiz de Fora, com objetivo de fomentar o turismo na cidade e contribuir para a retomada da atividade em fun\u00e7\u00e3o do desaquecimento provocado pela pandemia, a Prefeitura de Juiz de Fora (PJF), por meio da Secretaria de Turismo (Setur), divulgou nesta ter\u00e7a-feira, 5, um Edital de Fomento ao Turismo que vai liberar recursos, com valor total de R$ 300 mil, para projetos que visem ao desenvolvimento e a implementa\u00e7\u00e3o de a\u00e7\u00f5es tur\u00edsticas.<\/p>\n<p>O secret\u00e1rio de Turismo, Marcelo do Carmo, destaca que \u00e9 esperado que \u201ccom os recursos, venham projetos que divulguem o nome de Juiz de Fora como destino tur\u00edstico relevante em Minas e no Brasil e ainda retomem o ciclo de crescimento da cadeia do turismo\u201d,<\/p>\n<p>As inscri\u00e7\u00f5es para as Organiza\u00e7\u00f5es da Sociedade Civil (OSCs) ser\u00e3o abertas no dia 6 e encerradas no dia 20. Os pretendentes, pessoas jur\u00eddicas sem fins lucrativos constitu\u00eddas h\u00e1, pelo menos, um ano, poder\u00e3o inscrever projetos \u2013 at\u00e9 o m\u00e1ximo de cinco \u2013 presencialmente de 9h \u00e0s 12h e de 14h \u00e0s 17h na sede da Setur, na Avenida Rio Branco 2.234, t\u00e9rreo, mediante pr\u00e9vio agendamento pelo e-mail setur@pjf.mg.gov.br, ou pela plataforma \u201cPrefeitura \u00c1gil\u201d sendo que, neste caso, o encerramento das inscri\u00e7\u00f5es ser\u00e1 \u00e0s 23h59.<\/p>\n<p>A Comiss\u00e3o de Sele\u00e7\u00e3o examinar\u00e1 os projetos entre os dias 25 e 29 e, at\u00e9 o dia 2 de maio, divulgar\u00e1 os projetos selecionados no site do Portal do Turismo. E, at\u00e9 o dia 6 de maio, os selecionados dever\u00e3o apresentar a documenta\u00e7\u00e3o para homologa\u00e7\u00e3o que ocorrer\u00e1 at\u00e9 o dia 10 de maio com divulga\u00e7\u00e3o pelo site da PJF.<\/p>\n<p>O valor de R$ 300 mil foi dividido em tr\u00eas cotas nos valores de R$ 5 mil, R$ 15 mil e R$ 30 mil. De acordo com o edital, os projetos selecionados s\u00f3 poder\u00e3o receber aportes de, no m\u00e1ximo, 50% de seu valor previamente cadastrado nos anexos no ato da inscri\u00e7\u00e3o. Pelo edital, \u00e9 vedada a inscri\u00e7\u00e3o de pessoa f\u00edsica, bem como de funcion\u00e1rios p\u00fablicos das tr\u00eas esferas (municipal, estadual e federal) e ainda detentores de mandato eletivo e funcion\u00e1rios de autarquias.<\/p>\n","protected":false},"excerpt":{"rendered":"<p>Segundo informa\u00e7\u00f5es do site da Prefeitura de Juiz de Fora, com objetivo de fomentar o turismo na cidade e contribuir para a retomada da atividade em fun\u00e7\u00e3o do desaquecimento provocado pela pandemia, a Prefeitura de Juiz de Fora (PJF), por meio da Secretaria de Turismo (Setur), divulgou nesta ter\u00e7a-feira, 5, um Edital de Fomento ao [&hellip;]<\/p>\n","protected":false},"author":246,"featured_media":197236,"comment_status":"closed","ping_status":"closed","sticky":false,"template":"","format":"standard","meta":{"footnotes":""},"categories":[253,436,440,439],"tags":[],"class_list":["post-197235","post","type-post","status-publish","format-standard","has-post-thumbnail","hentry","category-cidade","category-destaque-da-semana","category-destaques-do-dia","category-ultima-hora"],"_links":{"self":[{"href":"https:\/\/diarioregionaldigital.com.br\/index.php?rest_route=\/wp\/v2\/posts\/197235","targetHints":{"allow":["GET"]}}],"collection":[{"href":"https:\/\/diarioregionaldigital.com.br\/index.php?rest_route=\/wp\/v2\/posts"}],"about":[{"href":"https:\/\/diarioregionaldigital.com.br\/index.php?rest_route=\/wp\/v2\/types\/post"}],"author":[{"embeddable":true,"href":"https:\/\/diarioregionaldigital.com.br\/index.php?rest_route=\/wp\/v2\/users\/246"}],"replies":[{"embeddable":true,"href":"https:\/\/diarioregionaldigital.com.br\/index.php?rest_route=%2Fwp%2Fv2%2Fcomments&post=197235"}],"version-history":[{"count":2,"href":"https:\/\/diarioregionaldigital.com.br\/index.php?rest_route=\/wp\/v2\/posts\/197235\/revisions"}],"predecessor-version":[{"id":197238,"href":"https:\/\/diarioregionaldigital.com.br\/index.php?rest_route=\/wp\/v2\/posts\/197235\/revisions\/197238"}],"wp:featuredmedia":[{"embeddable":true,"href":"https:\/\/diarioregionaldigital.com.br\/index.php?rest_route=\/wp\/v2\/media\/197236"}],"wp:attachment":[{"href":"https:\/\/diarioregionaldigital.com.br\/index.php?rest_route=%2Fwp%2Fv2%2Fmedia&parent=197235"}],"wp:term":[{"taxonomy":"category","embeddable":true,"href":"https:\/\/diarioregionaldigital.com.br\/index.php?rest_route=%2Fwp%2Fv2%2Fcategories&post=197235"},{"taxonomy":"post_tag","embeddable":true,"href":"https:\/\/diarioregionaldigital.com.br\/index.php?rest_route=%2Fwp%2Fv2%2Ftags&post=197235"}],"curies":[{"name":"wp","href":"https:\/\/api.w.org\/{rel}","templated":true}]}}