{"id":197222,"date":"2022-04-05T18:28:11","date_gmt":"2022-04-05T21:28:11","guid":{"rendered":"https:\/\/diarioregionaldigital.com.br\/?p=197222"},"modified":"2022-04-05T18:28:11","modified_gmt":"2022-04-05T21:28:11","slug":"brasil-conhece-adversarios-na-1a-fase-da-copa-do-mundo-de-basquete-3x3","status":"publish","type":"post","link":"https:\/\/diarioregionaldigital.com.br\/?p=197222","title":{"rendered":"Brasil conhece advers\u00e1rios na 1\u00aa fase da Copa do Mundo de Basquete 3&#215;3"},"content":{"rendered":"<p>A sele\u00e7\u00e3o brasileira de basquete 3&#215;3 j\u00e1 sabe quais advers\u00e1rios enfrentar\u00e1 na fase inicial da Copa do Mundo da modalidade, a primeira do ciclo ol\u00edmpico para os Jogos de Paris 2024. O evento ocorrer\u00e1 de 21 a 26 de junho na Antu\u00e9rpia (B\u00e9lgica). Na disputa masculina, a equipe nacional est\u00e1 no Grupo A, ao lado da S\u00e9rvia (tricampe\u00e3 mundial de 2016 a 2018), Fran\u00e7a, Porto Rico e Nova Zel\u00e2ndia.<img decoding=\"async\" src=\"https:\/\/agenciabrasil.ebc.com.br\/ebc.png?id=1452464&amp;o=node\" \/><img decoding=\"async\" src=\"https:\/\/agenciabrasil.ebc.com.br\/ebc.gif?id=1452464&amp;o=node\" \/><\/p>\n<p>Na competi\u00e7\u00e3o feminina, as brasileiras ter\u00e3o pela frente Estados Unidos (atual campe\u00e3o ol\u00edmpico) \u00c1ustria, Fran\u00e7a (bronze em 2018 e 2019) e Nova Zel\u00e2ndia que comp\u00f5em a chave B. O sorteio dos grupos ocorreu nesta segunda-feira (4), na sede da Federa\u00e7\u00e3o Internacional de Basquetebol (Fiba), em Mies (Su\u00ed\u00e7a).<\/p>\n<p>A competi\u00e7\u00e3o reunir\u00e1 20 sele\u00e7\u00f5es em cada g\u00eanero. De acordo com o regulamento, os dois primeiros colocados de cada grupo avan\u00e7am \u00e0s quartas de final e, na sequ\u00eancia, vir\u00e3o as semifinais e final.<\/p>\n<p>A presen\u00e7a na Olimp\u00edada de Paris depende do ranqueamento das sele\u00e7\u00f5es. Haver\u00e1 tamb\u00e9m um\u00a0Pr\u00e9-Ol\u00edmpico, uma \u00faltima oportunidade para pa\u00edses que estiveram de fora do basquete 3&#215;3 nas duas \u00faltimas edi\u00e7\u00f5es dos Jogos Ol\u00edmpicos.<\/p>\n<h2>Masculino<\/h2>\n<p><strong>Grupo A<\/strong>: S\u00e9rvia, Fran\u00e7a, Porto Rico,\u00a0<strong>Brasil<\/strong>, Nova Zel\u00e2ndia<br \/>\n<strong>Grupo B<\/strong>: Litu\u00e2nia, Alemanha, Mong\u00f3lia, Taiwan e Chile<br \/>\n<strong>Grupo C<\/strong>: Let\u00f4nia, Holanda, Pol\u00f4nia, Jap\u00e3o e China<br \/>\n<strong>Grupos D:<\/strong>\u00a0B\u00e9lgica, EUA, \u00c1ustria, pa\u00eds a confirmar<\/p>\n<h2>Feminino<\/h2>\n<p><strong>Grupo A<\/strong>: Alemanha, Rom\u00eania, Litu\u00e2nia, Jap\u00e3o e China<br \/>\n<strong>Grupo B<\/strong>: Fran\u00e7a, EUA, \u00c1ustria,\u00a0<strong>Brasil<\/strong>\u00a0e Nova Zelancia<br \/>\n<strong>Grupo C:<\/strong>\u00a0Pol\u00f4nia, Mong\u00f3lia, Egito, Rep\u00fablica Dominicana e Belgica<br \/>\n<strong>Grupo D<\/strong>: Espanha, Holanda, Canad\u00e1 Chile e pa\u00eds a confirmar<\/p>\n<p><span style=\"font-weight: 400;\">Fonte: Ag\u00eancia Brasil <\/span><\/p>\n","protected":false},"excerpt":{"rendered":"<p>A sele\u00e7\u00e3o brasileira de basquete 3&#215;3 j\u00e1 sabe quais advers\u00e1rios enfrentar\u00e1 na fase inicial da Copa do Mundo da modalidade, a primeira do ciclo ol\u00edmpico para os Jogos de Paris 2024. O evento ocorrer\u00e1 de 21 a 26 de junho na Antu\u00e9rpia (B\u00e9lgica). Na disputa masculina, a equipe nacional est\u00e1 no Grupo A, ao lado [&hellip;]<\/p>\n","protected":false},"author":246,"featured_media":197223,"comment_status":"closed","ping_status":"closed","sticky":false,"template":"","format":"standard","meta":{"footnotes":""},"categories":[436,440,257,439],"tags":[],"class_list":["post-197222","post","type-post","status-publish","format-standard","has-post-thumbnail","hentry","category-destaque-da-semana","category-destaques-do-dia","category-esporte","category-ultima-hora"],"_links":{"self":[{"href":"https:\/\/diarioregionaldigital.com.br\/index.php?rest_route=\/wp\/v2\/posts\/197222","targetHints":{"allow":["GET"]}}],"collection":[{"href":"https:\/\/diarioregionaldigital.com.br\/index.php?rest_route=\/wp\/v2\/posts"}],"about":[{"href":"https:\/\/diarioregionaldigital.com.br\/index.php?rest_route=\/wp\/v2\/types\/post"}],"author":[{"embeddable":true,"href":"https:\/\/diarioregionaldigital.com.br\/index.php?rest_route=\/wp\/v2\/users\/246"}],"replies":[{"embeddable":true,"href":"https:\/\/diarioregionaldigital.com.br\/index.php?rest_route=%2Fwp%2Fv2%2Fcomments&post=197222"}],"version-history":[{"count":1,"href":"https:\/\/diarioregionaldigital.com.br\/index.php?rest_route=\/wp\/v2\/posts\/197222\/revisions"}],"predecessor-version":[{"id":197224,"href":"https:\/\/diarioregionaldigital.com.br\/index.php?rest_route=\/wp\/v2\/posts\/197222\/revisions\/197224"}],"wp:featuredmedia":[{"embeddable":true,"href":"https:\/\/diarioregionaldigital.com.br\/index.php?rest_route=\/wp\/v2\/media\/197223"}],"wp:attachment":[{"href":"https:\/\/diarioregionaldigital.com.br\/index.php?rest_route=%2Fwp%2Fv2%2Fmedia&parent=197222"}],"wp:term":[{"taxonomy":"category","embeddable":true,"href":"https:\/\/diarioregionaldigital.com.br\/index.php?rest_route=%2Fwp%2Fv2%2Fcategories&post=197222"},{"taxonomy":"post_tag","embeddable":true,"href":"https:\/\/diarioregionaldigital.com.br\/index.php?rest_route=%2Fwp%2Fv2%2Ftags&post=197222"}],"curies":[{"name":"wp","href":"https:\/\/api.w.org\/{rel}","templated":true}]}}