{"id":197219,"date":"2022-04-05T18:19:38","date_gmt":"2022-04-05T21:19:38","guid":{"rendered":"https:\/\/diarioregionaldigital.com.br\/?p=197219"},"modified":"2022-04-05T18:19:38","modified_gmt":"2022-04-05T21:19:38","slug":"parceria-leva-criancas-atendidas-pelo-servas-para-passeio-social-de-pascoa","status":"publish","type":"post","link":"https:\/\/diarioregionaldigital.com.br\/?p=197219","title":{"rendered":"Parceria leva crian\u00e7as atendidas pelo Servas para passeio social de P\u00e1scoa"},"content":{"rendered":"<p>Crian\u00e7as de institui\u00e7\u00f5es socioassistenciais da rede de atendimento do\u00a0<a href=\"http:\/\/www.servas.org.br\/\" target=\"_blank\" rel=\"noopener\">Servi\u00e7o Social Aut\u00f4nomo (Servas)<\/a>\u00a0tiveram a oportunidade de conhecer e brincar, nessa segunda-feira (4\/4), no Pal\u00e1cio da Liberdade, em Belo Horizonte. Por meio de parceria com a Buser, empresa de intermedia\u00e7\u00e3o de viagens rodovi\u00e1rias, o Servas levou 350 pequenos para esta a\u00e7\u00e3o social de inusitada e divertida, em refer\u00eancia \u00e0\u00a0P\u00e1scoa.<\/p>\n<p>Com o apoio da startup, oito \u00f4nibus foram lotados para o transporte das crian\u00e7as,\u00a0com idade entre\u00a02 e\u00a012 anos,\u00a0que vieram de v\u00e1rias regi\u00f5es da capital e cidades vizinhas.\u00a0Durante o evento, as crian\u00e7as puderam brincar em todo o jardim, com o apoio de monitores volunt\u00e1rios. Foram promovidas atividades de pintura no rosto, brincadeiras, teatro e dan\u00e7a. Al\u00e9m disso, personagens de hist\u00f3rias infantis garantiram a anima\u00e7\u00e3o da turma, com programa\u00e7\u00e3o durante toda a manh\u00e3.<\/p>\n<p>\u201cA parceria do Servas com a Buser \u00e9 muito importante. O Servas \u00e9 uma institui\u00e7\u00e3o que tem como finalidade b\u00e1sica incentivar o voluntariado e fortalecer a rede de entidades de Minas Gerais. \u00c9 uma forma de fazer o bem. Esse aqui \u00e9 mais um momento importante para todos. O papel do Estado \u00e9 de coordenar, mas quem tem o protagonismo \u00e9 a sociedade civil por meio das entidades e das empresas. \u00c9 muito bom a gente ver uma empresa como a Buser com essa vis\u00e3o e responsabilidade social. O Servas agradece o apoio de sempre\u201d, destaca\u00a0o vice-governador Paulo Brant.<\/p>\n<p>Thiago Zanetti, diretor de Opera\u00e7\u00f5es da Buser, refor\u00e7a a import\u00e2ncia da iniciativa de apoio da plataforma mineira ao Servas.<\/p>\n<p>\u201cMais uma vez, estamos construindo um importante projeto com o Servas. Atuamos em parceria com os fretadores e conseguimos mobilizar oito \u00f4nibus para fazer o deslocamento das crian\u00e7as e garantir um momento de divers\u00e3o&#8221;, afirma. &#8220;A Buser sempre continuar\u00e1 apoiando a\u00e7\u00f5es sociais, como fizemos anteriormente no caso de apoio na log\u00edstica para entrega de cestas b\u00e1sicas para os atingidos pelas chuvas&#8221;, complementa.<\/p>\n<p><span style=\"font-weight: 400;\">Fonte: Ag\u00eancia Minas <\/span><\/p>\n","protected":false},"excerpt":{"rendered":"<p>Crian\u00e7as de institui\u00e7\u00f5es socioassistenciais da rede de atendimento do\u00a0Servi\u00e7o Social Aut\u00f4nomo (Servas)\u00a0tiveram a oportunidade de conhecer e brincar, nessa segunda-feira (4\/4), no Pal\u00e1cio da Liberdade, em Belo Horizonte. Por meio de parceria com a Buser, empresa de intermedia\u00e7\u00e3o de viagens rodovi\u00e1rias, o Servas levou 350 pequenos para esta a\u00e7\u00e3o social de inusitada e divertida, em [&hellip;]<\/p>\n","protected":false},"author":246,"featured_media":197220,"comment_status":"closed","ping_status":"closed","sticky":false,"template":"","format":"standard","meta":{"footnotes":""},"categories":[436,254,439],"tags":[],"class_list":["post-197219","post","type-post","status-publish","format-standard","has-post-thumbnail","hentry","category-destaque-da-semana","category-politica","category-ultima-hora"],"_links":{"self":[{"href":"https:\/\/diarioregionaldigital.com.br\/index.php?rest_route=\/wp\/v2\/posts\/197219","targetHints":{"allow":["GET"]}}],"collection":[{"href":"https:\/\/diarioregionaldigital.com.br\/index.php?rest_route=\/wp\/v2\/posts"}],"about":[{"href":"https:\/\/diarioregionaldigital.com.br\/index.php?rest_route=\/wp\/v2\/types\/post"}],"author":[{"embeddable":true,"href":"https:\/\/diarioregionaldigital.com.br\/index.php?rest_route=\/wp\/v2\/users\/246"}],"replies":[{"embeddable":true,"href":"https:\/\/diarioregionaldigital.com.br\/index.php?rest_route=%2Fwp%2Fv2%2Fcomments&post=197219"}],"version-history":[{"count":1,"href":"https:\/\/diarioregionaldigital.com.br\/index.php?rest_route=\/wp\/v2\/posts\/197219\/revisions"}],"predecessor-version":[{"id":197221,"href":"https:\/\/diarioregionaldigital.com.br\/index.php?rest_route=\/wp\/v2\/posts\/197219\/revisions\/197221"}],"wp:featuredmedia":[{"embeddable":true,"href":"https:\/\/diarioregionaldigital.com.br\/index.php?rest_route=\/wp\/v2\/media\/197220"}],"wp:attachment":[{"href":"https:\/\/diarioregionaldigital.com.br\/index.php?rest_route=%2Fwp%2Fv2%2Fmedia&parent=197219"}],"wp:term":[{"taxonomy":"category","embeddable":true,"href":"https:\/\/diarioregionaldigital.com.br\/index.php?rest_route=%2Fwp%2Fv2%2Fcategories&post=197219"},{"taxonomy":"post_tag","embeddable":true,"href":"https:\/\/diarioregionaldigital.com.br\/index.php?rest_route=%2Fwp%2Fv2%2Ftags&post=197219"}],"curies":[{"name":"wp","href":"https:\/\/api.w.org\/{rel}","templated":true}]}}