{"id":197211,"date":"2022-04-05T18:14:01","date_gmt":"2022-04-05T21:14:01","guid":{"rendered":"https:\/\/diarioregionaldigital.com.br\/?p=197211"},"modified":"2022-04-05T18:14:01","modified_gmt":"2022-04-05T21:14:01","slug":"apaes-de-minas-vao-reduzir-custos-em-r-80-mil-por-ano-com-energia-solar-do-grupo-cemig","status":"publish","type":"post","link":"https:\/\/diarioregionaldigital.com.br\/?p=197211","title":{"rendered":"Apaes de Minas v\u00e3o reduzir custos em R$ 80 mil por ano com energia solar do Grupo Cemig"},"content":{"rendered":"<p>A\u00a0<a href=\"https:\/\/cemigsim.com.br\/\" target=\"_blank\" rel=\"noopener\">Cemig SIM<\/a>\u00a0&#8211; subsidi\u00e1ria integral da\u00a0<a href=\"https:\/\/www.cemig.com.br\/\" target=\"_blank\" rel=\"noopener\">Companhia Energ\u00e9tica de Minas Gerais (Cemig)<\/a>, criada em 2019 para atuar em gera\u00e7\u00e3o distribu\u00edda e outras solu\u00e7\u00f5es inovadoras no setor de energia, passa a atender as unidades da rede da Associa\u00e7\u00e3o de Pais e Amigos dos Excepcionais (Apae) em Minas Gerais, o que vai gerar uma economia da ordem de R$ 80 mil anualmente para as institui\u00e7\u00f5es que j\u00e1 aderiram ao produto.<\/p>\n<p>A gera\u00e7\u00e3o de energia solar pela Cemig SIM, al\u00e9m da economia proporcionada na conta de energia el\u00e9trica,\u00a0 contribui para a sustentabilidade do meio ambiente e do pr\u00f3prio sistema el\u00e9trico,\u00a0 uma vez que \u00e9 fonte energ\u00e9tica limpa e renov\u00e1vel.<\/p>\n<p>A Apae, que \u00e9 uma organiza\u00e7\u00e3o social sem fins lucrativos que oferece servi\u00e7os de apoio e atendimento com o intuito de promover aten\u00e7\u00e3o integral \u00e0s pessoas com defici\u00eancia intelectual e m\u00faltipla, bem como suas fam\u00edlias, vai agora poder utilizar os recursos gerados na economia na fatura de energia para outros fins, em benef\u00edcio dos alunos e assistidos pela institui\u00e7\u00e3o.<\/p>\n<p>Segundo Danilo Gusm\u00e3o Ara\u00fajo, presidente da Cemig SIM, a chegada da Associa\u00e7\u00e3o \u00e0 carteira de clientes da empresa \u00e9 motivo de satisfa\u00e7\u00e3o e orgulho, tanto pela import\u00e2ncia hist\u00f3rica que a organiza\u00e7\u00e3o representa para Minas Gerais quanto pela oportunidade que a Cemig SIM tem de contribuir para a sustentabilidade da Apae. &#8220;A partir de agora, 32 unidades da rede ir\u00e3o fazer uso da fonte solar, o que ir\u00e1 gerar uma redu\u00e7\u00e3o substancial de recursos que poder\u00e3o ser investidos em outras necessidades da entidade. Ser\u00e1 um ganho importante para eles, que poder\u00e3o utilizar os recursos economizados em melhorias nas unidades, em mais conforto para os alunos e outros benef\u00edcios que julgarem melhor. E para n\u00f3s, al\u00e9m de um novo cliente, ganhamos um parceiro relevante no crescimento da gera\u00e7\u00e3o solar, que \u00e9 uma op\u00e7\u00e3o segura e sustent\u00e1vel de produ\u00e7\u00e3o de energia, e que cresce cada vez mais no Brasil&#8221;, afirma o executivo.<\/p>\n<p>As unidades Apae atendidas pela Cemig SIM est\u00e3o situadas em diversas cidades mineiras, como Borda da Mata, Cachoeira de Minas, Caxambu, Concei\u00e7\u00e3o da Aparecida, Congonhas, Divin\u00f3polis, Dores do Indai\u00e1, Esmeraldas, Formiga, Frutal, Guaran\u00e9sia, Ipui\u00fana, Itapagipe, Jana\u00faba, Juiz de Fora, Mateus Leme, Ouro Preto, Ponte Nova, Tupaciguara, Vazante e Vi\u00e7osa.<\/p>\n<p><strong>Economia e sustentabilidade<\/strong><\/p>\n<p>Encontrar fontes alternativas e renov\u00e1veis para a gera\u00e7\u00e3o de energia \u00e9 um dos compromissos da Cemig com Minas Gerais e seus 9 milh\u00f5es de clientes. A companhia considera necess\u00e1rio haver uma diversifica\u00e7\u00e3o da matriz energ\u00e9tica nacional, que atenda \u00e0s exig\u00eancias ambientais e supra as necessidades energ\u00e9ticas da popula\u00e7\u00e3o. Em 2022, a Cemig SIM ir\u00e1 investir R$ 310 milh\u00f5es nos segmentos comercial e industrial, e aumentar ainda mais a opera\u00e7\u00e3o no segmento residencial.<\/p>\n<p>Para Danilo Gusm\u00e3o, inova\u00e7\u00e3o e coopera\u00e7\u00e3o est\u00e3o entre os pilares da empresa. &#8220;Trabalhamos com o prop\u00f3sito de revolucionar o setor de energia e ficamos felizes em proporcionar economia por meio de uma fonte de energia limpa e renov\u00e1vel para nossos clientes, especialmente quando o cliente tem um hist\u00f3rico t\u00e3o importante na luta pela defesa dos direitos e na promo\u00e7\u00e3o do bem-estar e do desenvolvimento das pessoas com defici\u00eancia\u201d, finaliza o presidente.<\/p>\n<p>Mais informa\u00e7\u00f5es sobre como aderir \u00e0 energia solar por assinatura da SIM podem ser conferidas no endere\u00e7o\u00a0<a href=\"https:\/\/cemigsim.com.br\/\" target=\"_blank\" rel=\"noopener\">cemigsim.com.br<\/a>.<\/p>\n<p>Fonte: Ag\u00eancia Minas<\/p>\n","protected":false},"excerpt":{"rendered":"<p>A\u00a0Cemig SIM\u00a0&#8211; subsidi\u00e1ria integral da\u00a0Companhia Energ\u00e9tica de Minas Gerais (Cemig), criada em 2019 para atuar em gera\u00e7\u00e3o distribu\u00edda e outras solu\u00e7\u00f5es inovadoras no setor de energia, passa a atender as unidades da rede da Associa\u00e7\u00e3o de Pais e Amigos dos Excepcionais (Apae) em Minas Gerais, o que vai gerar uma economia da ordem de R$ [&hellip;]<\/p>\n","protected":false},"author":246,"featured_media":197212,"comment_status":"closed","ping_status":"closed","sticky":false,"template":"","format":"standard","meta":{"footnotes":""},"categories":[436,254,439],"tags":[],"class_list":["post-197211","post","type-post","status-publish","format-standard","has-post-thumbnail","hentry","category-destaque-da-semana","category-politica","category-ultima-hora"],"_links":{"self":[{"href":"https:\/\/diarioregionaldigital.com.br\/index.php?rest_route=\/wp\/v2\/posts\/197211","targetHints":{"allow":["GET"]}}],"collection":[{"href":"https:\/\/diarioregionaldigital.com.br\/index.php?rest_route=\/wp\/v2\/posts"}],"about":[{"href":"https:\/\/diarioregionaldigital.com.br\/index.php?rest_route=\/wp\/v2\/types\/post"}],"author":[{"embeddable":true,"href":"https:\/\/diarioregionaldigital.com.br\/index.php?rest_route=\/wp\/v2\/users\/246"}],"replies":[{"embeddable":true,"href":"https:\/\/diarioregionaldigital.com.br\/index.php?rest_route=%2Fwp%2Fv2%2Fcomments&post=197211"}],"version-history":[{"count":2,"href":"https:\/\/diarioregionaldigital.com.br\/index.php?rest_route=\/wp\/v2\/posts\/197211\/revisions"}],"predecessor-version":[{"id":197215,"href":"https:\/\/diarioregionaldigital.com.br\/index.php?rest_route=\/wp\/v2\/posts\/197211\/revisions\/197215"}],"wp:featuredmedia":[{"embeddable":true,"href":"https:\/\/diarioregionaldigital.com.br\/index.php?rest_route=\/wp\/v2\/media\/197212"}],"wp:attachment":[{"href":"https:\/\/diarioregionaldigital.com.br\/index.php?rest_route=%2Fwp%2Fv2%2Fmedia&parent=197211"}],"wp:term":[{"taxonomy":"category","embeddable":true,"href":"https:\/\/diarioregionaldigital.com.br\/index.php?rest_route=%2Fwp%2Fv2%2Fcategories&post=197211"},{"taxonomy":"post_tag","embeddable":true,"href":"https:\/\/diarioregionaldigital.com.br\/index.php?rest_route=%2Fwp%2Fv2%2Ftags&post=197211"}],"curies":[{"name":"wp","href":"https:\/\/api.w.org\/{rel}","templated":true}]}}