{"id":197205,"date":"2022-04-05T18:01:05","date_gmt":"2022-04-05T21:01:05","guid":{"rendered":"https:\/\/diarioregionaldigital.com.br\/?p=197205"},"modified":"2022-04-05T18:01:05","modified_gmt":"2022-04-05T21:01:05","slug":"indicador-de-emprego-da-fgv-registra-menor-nivel-desde-agosto-de-2020","status":"publish","type":"post","link":"https:\/\/diarioregionaldigital.com.br\/?p=197205","title":{"rendered":"Indicador de emprego da FGV registra menor n\u00edvel desde agosto de 2020"},"content":{"rendered":"<p>O Indicador Antecedente de Emprego (Iaemp), medido pela Funda\u00e7\u00e3o Getulio Vargas (FGV), ficou praticamente est\u00e1vel de fevereiro para mar\u00e7o, com uma varia\u00e7\u00e3o negativa de 0,1 ponto. Com o resultado, o Iaemp chegou a 75 pontos, o menor n\u00edvel desde agosto de 2020, que registrou 74,8 pontos.<img decoding=\"async\" src=\"https:\/\/agenciabrasil.ebc.com.br\/ebc.png?id=1452465&amp;o=node\" \/><img decoding=\"async\" src=\"https:\/\/agenciabrasil.ebc.com.br\/ebc.gif?id=1452465&amp;o=node\" \/><\/p>\n<p>O indicador apresenta queda h\u00e1 quatro meses consecutivos, de acordo com a FGV.<\/p>\n<p>O Iaemp busca antecipar tend\u00eancias do mercado de trabalho, com base em entrevistas com consumidores e com empres\u00e1rios da ind\u00fastria e servi\u00e7os.<\/p>\n<p>Dos sete componentes do Iaemp, quatro apresentaram queda. Os principais destaques negativos foram a tend\u00eancia dos neg\u00f3cios da ind\u00fastria nos pr\u00f3ximos seis meses e o emprego local futuro do consumidor.<\/p>\n<p>J\u00e1 a situa\u00e7\u00e3o atual dos neg\u00f3cios de servi\u00e7os contribuiu favoravelmente com 1 ponto.<\/p>\n<p>Fonte: Ag\u00eancia Brasil<\/p>\n","protected":false},"excerpt":{"rendered":"<p>O Indicador Antecedente de Emprego (Iaemp), medido pela Funda\u00e7\u00e3o Getulio Vargas (FGV), ficou praticamente est\u00e1vel de fevereiro para mar\u00e7o, com uma varia\u00e7\u00e3o negativa de 0,1 ponto. Com o resultado, o Iaemp chegou a 75 pontos, o menor n\u00edvel desde agosto de 2020, que registrou 74,8 pontos. O indicador apresenta queda h\u00e1 quatro meses consecutivos, de [&hellip;]<\/p>\n","protected":false},"author":246,"featured_media":197206,"comment_status":"closed","ping_status":"closed","sticky":false,"template":"","format":"standard","meta":{"footnotes":""},"categories":[436,261,439],"tags":[],"class_list":["post-197205","post","type-post","status-publish","format-standard","has-post-thumbnail","hentry","category-destaque-da-semana","category-economia","category-ultima-hora"],"_links":{"self":[{"href":"https:\/\/diarioregionaldigital.com.br\/index.php?rest_route=\/wp\/v2\/posts\/197205","targetHints":{"allow":["GET"]}}],"collection":[{"href":"https:\/\/diarioregionaldigital.com.br\/index.php?rest_route=\/wp\/v2\/posts"}],"about":[{"href":"https:\/\/diarioregionaldigital.com.br\/index.php?rest_route=\/wp\/v2\/types\/post"}],"author":[{"embeddable":true,"href":"https:\/\/diarioregionaldigital.com.br\/index.php?rest_route=\/wp\/v2\/users\/246"}],"replies":[{"embeddable":true,"href":"https:\/\/diarioregionaldigital.com.br\/index.php?rest_route=%2Fwp%2Fv2%2Fcomments&post=197205"}],"version-history":[{"count":1,"href":"https:\/\/diarioregionaldigital.com.br\/index.php?rest_route=\/wp\/v2\/posts\/197205\/revisions"}],"predecessor-version":[{"id":197207,"href":"https:\/\/diarioregionaldigital.com.br\/index.php?rest_route=\/wp\/v2\/posts\/197205\/revisions\/197207"}],"wp:featuredmedia":[{"embeddable":true,"href":"https:\/\/diarioregionaldigital.com.br\/index.php?rest_route=\/wp\/v2\/media\/197206"}],"wp:attachment":[{"href":"https:\/\/diarioregionaldigital.com.br\/index.php?rest_route=%2Fwp%2Fv2%2Fmedia&parent=197205"}],"wp:term":[{"taxonomy":"category","embeddable":true,"href":"https:\/\/diarioregionaldigital.com.br\/index.php?rest_route=%2Fwp%2Fv2%2Fcategories&post=197205"},{"taxonomy":"post_tag","embeddable":true,"href":"https:\/\/diarioregionaldigital.com.br\/index.php?rest_route=%2Fwp%2Fv2%2Ftags&post=197205"}],"curies":[{"name":"wp","href":"https:\/\/api.w.org\/{rel}","templated":true}]}}