{"id":197195,"date":"2022-04-05T17:54:24","date_gmt":"2022-04-05T20:54:24","guid":{"rendered":"https:\/\/diarioregionaldigital.com.br\/?p=197195"},"modified":"2022-04-05T17:54:24","modified_gmt":"2022-04-05T20:54:24","slug":"adriano-pires-desiste-de-indicacao-para-presidencia-da-petrobras","status":"publish","type":"post","link":"https:\/\/diarioregionaldigital.com.br\/?p=197195","title":{"rendered":"Adriano Pires desiste de indica\u00e7\u00e3o para presid\u00eancia da Petrobras"},"content":{"rendered":"<p>Indicado h\u00e1 uma semana para assumir o comando da Petrobras, o economista e consultor Adriano Pires comunicou hoje (4) \u00e0 noite a desist\u00eancia do cargo. Em carta encaminhada ao ministro de Minas e Energia, Bento Albuquerque, Pires agradeceu o convite, mas informou que a atua\u00e7\u00e3o profissional em consultorias o impede de assumir a fun\u00e7\u00e3o.<img decoding=\"async\" src=\"https:\/\/agenciabrasil.ebc.com.br\/ebc.png?id=1452369&amp;o=node\" \/><img decoding=\"async\" src=\"https:\/\/agenciabrasil.ebc.com.br\/ebc.gif?id=1452369&amp;o=node\" \/><\/p>\n<p>\u201cFicou claro para mim que n\u00e3o poderia conciliar meu trabalho de consultor com o exerc\u00edcio da Presid\u00eancia da Petrobras. Iniciei imediatamente os procedimentos para me desligar do Centro Brasileiro de Infraestrutura (CBIE), consultoria que fundei h\u00e1 mais de 20 anos e hoje dirijo em sociedade com meu filho. Ao longo do processo, por\u00e9m, percebi que infelizmente n\u00e3o tenho condi\u00e7\u00f5es de faz\u00ea-lo em t\u00e3o pouco tempo\u201d, destacou Pires no documento.<\/p>\n<p>Pires tinha sido indicado para substituir o general da reserva Joaquim Silva e Luna na presid\u00eancia da estatal. No entanto, diversos acionistas minorit\u00e1rios questionaram conflito de interesses decorrentes da atividade profissional do economista.<\/p>\n<p>A possibilidade de desist\u00eancia de Pires tinha provocado tens\u00f5es na bolsa de valores ao longo do dia. As\u00a0<a href=\"https:\/\/agenciabrasil.ebc.com.br\/economia\/noticia\/2022-04\/dolar-cai-para-r-460-e-fecha-no-menor-nivel-em-dois-anos\" target=\"_blank\" rel=\"noopener\">a\u00e7\u00f5es da companhia<\/a>\u00a0ca\u00edram 0,85% (a\u00e7\u00f5es ordin\u00e1rias) e 0,94% (a\u00e7\u00f5es preferenciais) nesta segunda-feira.<\/p>\n<p>Fonte: Ag\u00eancia Brasil<\/p>\n","protected":false},"excerpt":{"rendered":"<p>Indicado h\u00e1 uma semana para assumir o comando da Petrobras, o economista e consultor Adriano Pires comunicou hoje (4) \u00e0 noite a desist\u00eancia do cargo. Em carta encaminhada ao ministro de Minas e Energia, Bento Albuquerque, Pires agradeceu o convite, mas informou que a atua\u00e7\u00e3o profissional em consultorias o impede de assumir a fun\u00e7\u00e3o. \u201cFicou [&hellip;]<\/p>\n","protected":false},"author":246,"featured_media":197196,"comment_status":"closed","ping_status":"closed","sticky":false,"template":"","format":"standard","meta":{"footnotes":""},"categories":[436,440,261,439],"tags":[],"class_list":["post-197195","post","type-post","status-publish","format-standard","has-post-thumbnail","hentry","category-destaque-da-semana","category-destaques-do-dia","category-economia","category-ultima-hora"],"_links":{"self":[{"href":"https:\/\/diarioregionaldigital.com.br\/index.php?rest_route=\/wp\/v2\/posts\/197195","targetHints":{"allow":["GET"]}}],"collection":[{"href":"https:\/\/diarioregionaldigital.com.br\/index.php?rest_route=\/wp\/v2\/posts"}],"about":[{"href":"https:\/\/diarioregionaldigital.com.br\/index.php?rest_route=\/wp\/v2\/types\/post"}],"author":[{"embeddable":true,"href":"https:\/\/diarioregionaldigital.com.br\/index.php?rest_route=\/wp\/v2\/users\/246"}],"replies":[{"embeddable":true,"href":"https:\/\/diarioregionaldigital.com.br\/index.php?rest_route=%2Fwp%2Fv2%2Fcomments&post=197195"}],"version-history":[{"count":2,"href":"https:\/\/diarioregionaldigital.com.br\/index.php?rest_route=\/wp\/v2\/posts\/197195\/revisions"}],"predecessor-version":[{"id":197198,"href":"https:\/\/diarioregionaldigital.com.br\/index.php?rest_route=\/wp\/v2\/posts\/197195\/revisions\/197198"}],"wp:featuredmedia":[{"embeddable":true,"href":"https:\/\/diarioregionaldigital.com.br\/index.php?rest_route=\/wp\/v2\/media\/197196"}],"wp:attachment":[{"href":"https:\/\/diarioregionaldigital.com.br\/index.php?rest_route=%2Fwp%2Fv2%2Fmedia&parent=197195"}],"wp:term":[{"taxonomy":"category","embeddable":true,"href":"https:\/\/diarioregionaldigital.com.br\/index.php?rest_route=%2Fwp%2Fv2%2Fcategories&post=197195"},{"taxonomy":"post_tag","embeddable":true,"href":"https:\/\/diarioregionaldigital.com.br\/index.php?rest_route=%2Fwp%2Fv2%2Ftags&post=197195"}],"curies":[{"name":"wp","href":"https:\/\/api.w.org\/{rel}","templated":true}]}}