{"id":197172,"date":"2022-04-04T17:53:24","date_gmt":"2022-04-04T20:53:24","guid":{"rendered":"https:\/\/diarioregionaldigital.com.br\/?p=197172"},"modified":"2022-04-04T17:53:24","modified_gmt":"2022-04-04T20:53:24","slug":"programa-boniteza-realiza-limpeza-e-poda-de-grama-na-praca-do-bairro-santa-candida","status":"publish","type":"post","link":"https:\/\/diarioregionaldigital.com.br\/?p=197172","title":{"rendered":"Programa Boniteza realiza limpeza e poda de grama na pra\u00e7a do bairro Santa C\u00e2ndida"},"content":{"rendered":"<p>Segundo informa\u00e7\u00f5es do site da Prefeitura de Juiz de Fora, o Programa Boniteza iniciou a primeira semana de abril a todo vapor. Nesta segunda-feira, 4, equipes do setor de Parques e Jardins da Empresa Municipal de Pavimenta\u00e7\u00e3o e Urbaniza\u00e7\u00e3o (Empav) estiveram em cinco pra\u00e7as de Juiz de Fora com os servi\u00e7os de zeladoria e poda de \u00e1rvores. Destaque para a pra\u00e7a do bairro Santa C\u00e2ndida, bairro localizado na zona leste, regi\u00e3o de grande visibilidade cultural e art\u00edstica para a cidade. A pra\u00e7a, que conta com quadra, academia ao ar livre e pista de skate, est\u00e1 recebendo os servi\u00e7os de limpeza e poda de grama. A previs\u00e3o \u00e9 que os trabalhos por l\u00e1 sejam conclu\u00eddos at\u00e9 a tarde desta ter\u00e7a-feira, 5.<\/p>\n<p>Outro bairro, tamb\u00e9m na zona leste, que recebeu servidores da Empav com poda de grama e limpeza foi o Nossa Senhora Aparecida, na Pra\u00e7a Miguel Gustavo.<br \/>\n<strong>Confira abaixo a lista de locais atendidos pelo Programa Boniteza nesta segunda-feira, 4.<\/strong><\/p>\n<p>Pra\u00e7a do bairro Santa Terezinha<\/p>\n<p>Pra\u00e7a Santa C\u00e2ndida<\/p>\n<p>Pra\u00e7a Nossa Senhora Aparecida<\/p>\n<p>Pra\u00e7a Vila Esperan\u00e7a*<\/p>\n<p>Pra\u00e7a Adalberto Landau*<\/p>\n<p>Rua Dom Pedro II*<\/p>\n<p>Rua Dr. Jo\u00e3o Camilo de Oliveira Torres**<\/p>\n<p>*Poda simples<\/p>\n<p>**Corte, poda simples e poda dr\u00e1stica<\/p>\n<p>A programa\u00e7\u00e3o di\u00e1ria de todas as atividades realizadas pela Empav pode ser acompanhada atrav\u00e9s da p\u00e1gina do Gabinete de A\u00e7\u00e3o e Di\u00e1logo Comunit\u00e1rio, pelo<a href=\"https:\/\/www.pjf.mg.gov.br\/gabinetecomunitario\/#onde\">\u00a0<strong>link<\/strong><\/a>.<\/p>\n<p>Todas as a\u00e7\u00f5es de reestrutura\u00e7\u00e3o, urbaniza\u00e7\u00e3o e zeladoria realizadas pela Empav fazem parte do Programa Boniteza. Voc\u00ea pode solicitar estes e outros servi\u00e7os atrav\u00e9s do Gabinete de A\u00e7\u00e3o e Di\u00e1logo Comunit\u00e1rio, que recebe e organiza pedidos relativos a interven\u00e7\u00f5es e melhorias urbanas. O contato pode ser feito por liga\u00e7\u00e3o telef\u00f4nica, pelo n\u00famero (32) 3690-7241 ou, ainda, via WhatsApp, utilizando o mesmo n\u00famero.<\/p>\n","protected":false},"excerpt":{"rendered":"<p>Segundo informa\u00e7\u00f5es do site da Prefeitura de Juiz de Fora, o Programa Boniteza iniciou a primeira semana de abril a todo vapor. Nesta segunda-feira, 4, equipes do setor de Parques e Jardins da Empresa Municipal de Pavimenta\u00e7\u00e3o e Urbaniza\u00e7\u00e3o (Empav) estiveram em cinco pra\u00e7as de Juiz de Fora com os servi\u00e7os de zeladoria e poda [&hellip;]<\/p>\n","protected":false},"author":246,"featured_media":197174,"comment_status":"closed","ping_status":"closed","sticky":false,"template":"","format":"standard","meta":{"footnotes":""},"categories":[253,436,439],"tags":[],"class_list":["post-197172","post","type-post","status-publish","format-standard","has-post-thumbnail","hentry","category-cidade","category-destaque-da-semana","category-ultima-hora"],"_links":{"self":[{"href":"https:\/\/diarioregionaldigital.com.br\/index.php?rest_route=\/wp\/v2\/posts\/197172","targetHints":{"allow":["GET"]}}],"collection":[{"href":"https:\/\/diarioregionaldigital.com.br\/index.php?rest_route=\/wp\/v2\/posts"}],"about":[{"href":"https:\/\/diarioregionaldigital.com.br\/index.php?rest_route=\/wp\/v2\/types\/post"}],"author":[{"embeddable":true,"href":"https:\/\/diarioregionaldigital.com.br\/index.php?rest_route=\/wp\/v2\/users\/246"}],"replies":[{"embeddable":true,"href":"https:\/\/diarioregionaldigital.com.br\/index.php?rest_route=%2Fwp%2Fv2%2Fcomments&post=197172"}],"version-history":[{"count":1,"href":"https:\/\/diarioregionaldigital.com.br\/index.php?rest_route=\/wp\/v2\/posts\/197172\/revisions"}],"predecessor-version":[{"id":197175,"href":"https:\/\/diarioregionaldigital.com.br\/index.php?rest_route=\/wp\/v2\/posts\/197172\/revisions\/197175"}],"wp:featuredmedia":[{"embeddable":true,"href":"https:\/\/diarioregionaldigital.com.br\/index.php?rest_route=\/wp\/v2\/media\/197174"}],"wp:attachment":[{"href":"https:\/\/diarioregionaldigital.com.br\/index.php?rest_route=%2Fwp%2Fv2%2Fmedia&parent=197172"}],"wp:term":[{"taxonomy":"category","embeddable":true,"href":"https:\/\/diarioregionaldigital.com.br\/index.php?rest_route=%2Fwp%2Fv2%2Fcategories&post=197172"},{"taxonomy":"post_tag","embeddable":true,"href":"https:\/\/diarioregionaldigital.com.br\/index.php?rest_route=%2Fwp%2Fv2%2Ftags&post=197172"}],"curies":[{"name":"wp","href":"https:\/\/api.w.org\/{rel}","templated":true}]}}