{"id":197169,"date":"2022-04-04T17:51:19","date_gmt":"2022-04-04T20:51:19","guid":{"rendered":"https:\/\/diarioregionaldigital.com.br\/?p=197169"},"modified":"2022-04-04T17:51:19","modified_gmt":"2022-04-04T20:51:19","slug":"guarda-municipal-participa-de-treinamento-em-primeiros-socorros","status":"publish","type":"post","link":"https:\/\/diarioregionaldigital.com.br\/?p=197169","title":{"rendered":"Guarda Municipal participa de treinamento em primeiros socorros"},"content":{"rendered":"<p>Segundo informa\u00e7\u00f5es do site da Prefeitura de Juiz de Fora, representantes da Guarda Municipal, \u00f3rg\u00e3o da Secretaria de Seguran\u00e7a Urbana e Cidadania (Sesuc), participam de treinamento em primeiros socorros promovido pela Pol\u00edcia Federal. O curso \u201cPrimeiros Socorros em Atividade Policial\u201d \u00e9 voltado para profissionais da \u00e1rea de seguran\u00e7a p\u00fablica e acontece durante toda esta semana nas instala\u00e7\u00f5es do 4\u00ba Grupo de Artilharia de Campanha Leve (4\u00ba GAG) no bairro Nova Era. O curso revisa e aprofunda conte\u00fados j\u00e1 estudados pelos agentes da Guarda, oferecendo mais recursos para quem trabalha nas ruas agir mediante situa\u00e7\u00f5es urg\u00eancia.<\/p>\n<p>A atua\u00e7\u00e3o da Guarda Municipal ultrapassa a defini\u00e7\u00e3o legal de prote\u00e7\u00e3o aos bens, servi\u00e7os e instala\u00e7\u00f5es da administra\u00e7\u00e3o p\u00fablica municipal. Sua fun\u00e7\u00e3o principal \u00e9 a prote\u00e7\u00e3o municipal preventiva, conforme estabelece a Lei 13022\/14 (Estatuto Geral das Guardas Municipais) e esta engloba a integridade f\u00edsica de servidores e cidad\u00e3os como o bem maior a ser assegurado.<\/p>\n<p>O comandante da Guarda Municipal, Leandro Lisboa Barros destaca a oportunidade oferecida pela Pol\u00edcia Federal \u00e0 Guarda Municipal como fruto das boas rela\u00e7\u00f5es institucionais mantidas pelas for\u00e7as de seguran\u00e7a locais. \u201cEssa integra\u00e7\u00e3o \u00e9 sempre muito bem vinda, tanto pelo aspecto da intera\u00e7\u00e3o propiciada \u00e0s equipes de diferentes corpora\u00e7\u00f5es, que estar\u00e3o juntas nesse curso, quanto pela transfer\u00eancia de experi\u00eancias daqueles que disp\u00f5em de maior conhecimento na \u00e1rea espec\u00edfica. Somar e se apoiar faz parte do trabalho di\u00e1rio das for\u00e7as de seguran\u00e7a. Cada um em sua institui\u00e7\u00e3o trabalha pelo mesmo fim que \u00e9 a seguran\u00e7a da nossa sociedade\u201d, atesta o comandante.<\/p>\n<p>Diariamente, a Guarda atende pessoas que necessitam de algum tipo de ajuda em via p\u00fablica. Pessoas, muitas vezes, ignoradas por quem transita pelas ruas da cidade. Andarilhos, crian\u00e7as e adolescentes em situa\u00e7\u00e3o de risco social, pessoas em situa\u00e7\u00e3o de rua, idosos, deficientes, dependentes qu\u00edmicos. Diante desses casos, a corpora\u00e7\u00e3o procura intervir de forma humanizada, oferecendo apoio e encaminhamento para a rede de assist\u00eancia social do munic\u00edpio.<\/p>\n<p>Em casos de emerg\u00eancia, a forma\u00e7\u00e3o do guarda municipal garante ao agente prestar os primeiros socorros. A disciplina de \u201cSocorrismo\u201d faz parte da grade curricular do curso para ingressar na carreira de guarda. Cada integrante passa por abordagem te\u00f3rica e pr\u00e1tica, em treinamento voltado ao atendimento imediato de situa\u00e7\u00f5es de emerg\u00eancia cotidianas, a fim de proporcionar no\u00e7\u00f5es m\u00ednimas para a condu\u00e7\u00e3o de casos confrontados no dia a dia de trabalho nas ruas. Frequentemente, a corpora\u00e7\u00e3o retorna \u00e0 sala de aula, em processo de capacita\u00e7\u00e3o cont\u00ednua, em que rev\u00ea conte\u00fados relacionados ao trabalho da Guarda, incluindo os da \u00e1rea de sa\u00fade.<\/p>\n","protected":false},"excerpt":{"rendered":"<p>Segundo informa\u00e7\u00f5es do site da Prefeitura de Juiz de Fora, representantes da Guarda Municipal, \u00f3rg\u00e3o da Secretaria de Seguran\u00e7a Urbana e Cidadania (Sesuc), participam de treinamento em primeiros socorros promovido pela Pol\u00edcia Federal. O curso \u201cPrimeiros Socorros em Atividade Policial\u201d \u00e9 voltado para profissionais da \u00e1rea de seguran\u00e7a p\u00fablica e acontece durante toda esta semana [&hellip;]<\/p>\n","protected":false},"author":246,"featured_media":197170,"comment_status":"closed","ping_status":"closed","sticky":false,"template":"","format":"standard","meta":{"footnotes":""},"categories":[253,436,439],"tags":[],"class_list":["post-197169","post","type-post","status-publish","format-standard","has-post-thumbnail","hentry","category-cidade","category-destaque-da-semana","category-ultima-hora"],"_links":{"self":[{"href":"https:\/\/diarioregionaldigital.com.br\/index.php?rest_route=\/wp\/v2\/posts\/197169","targetHints":{"allow":["GET"]}}],"collection":[{"href":"https:\/\/diarioregionaldigital.com.br\/index.php?rest_route=\/wp\/v2\/posts"}],"about":[{"href":"https:\/\/diarioregionaldigital.com.br\/index.php?rest_route=\/wp\/v2\/types\/post"}],"author":[{"embeddable":true,"href":"https:\/\/diarioregionaldigital.com.br\/index.php?rest_route=\/wp\/v2\/users\/246"}],"replies":[{"embeddable":true,"href":"https:\/\/diarioregionaldigital.com.br\/index.php?rest_route=%2Fwp%2Fv2%2Fcomments&post=197169"}],"version-history":[{"count":2,"href":"https:\/\/diarioregionaldigital.com.br\/index.php?rest_route=\/wp\/v2\/posts\/197169\/revisions"}],"predecessor-version":[{"id":197173,"href":"https:\/\/diarioregionaldigital.com.br\/index.php?rest_route=\/wp\/v2\/posts\/197169\/revisions\/197173"}],"wp:featuredmedia":[{"embeddable":true,"href":"https:\/\/diarioregionaldigital.com.br\/index.php?rest_route=\/wp\/v2\/media\/197170"}],"wp:attachment":[{"href":"https:\/\/diarioregionaldigital.com.br\/index.php?rest_route=%2Fwp%2Fv2%2Fmedia&parent=197169"}],"wp:term":[{"taxonomy":"category","embeddable":true,"href":"https:\/\/diarioregionaldigital.com.br\/index.php?rest_route=%2Fwp%2Fv2%2Fcategories&post=197169"},{"taxonomy":"post_tag","embeddable":true,"href":"https:\/\/diarioregionaldigital.com.br\/index.php?rest_route=%2Fwp%2Fv2%2Ftags&post=197169"}],"curies":[{"name":"wp","href":"https:\/\/api.w.org\/{rel}","templated":true}]}}