{"id":197165,"date":"2022-04-04T17:49:45","date_gmt":"2022-04-04T20:49:45","guid":{"rendered":"https:\/\/diarioregionaldigital.com.br\/?p=197165"},"modified":"2022-04-04T17:49:45","modified_gmt":"2022-04-04T20:49:45","slug":"manutencao-na-elevatoria-de-agua-do-amazonia-pode-comprometer-abastecimento-da-regiao","status":"publish","type":"post","link":"https:\/\/diarioregionaldigital.com.br\/?p=197165","title":{"rendered":"Manuten\u00e7\u00e3o na elevat\u00f3ria de \u00e1gua do Amaz\u00f4nia pode comprometer abastecimento da regi\u00e3o"},"content":{"rendered":"<p>Segundo informa\u00e7\u00f5es do site da Prefeitura de Juiz de Fora, na quarta-feira, 6, a Companhia de Saneamento Municipal (Cesama) ir\u00e1 realizar uma manuten\u00e7\u00e3o programada nas redes de suc\u00e7\u00e3o e recalque da elevat\u00f3ria de \u00e1gua do Bairro Amaz\u00f4nia. Os trabalhos ser\u00e3o feitos de 8h \u00e0s 10h e, para isso, ser\u00e1 necess\u00e1rio interromper o funcionamento da unidade. Desta forma, os bairros Amaz\u00f4nia e Realeza ter\u00e3o o abastecimento comprometido ao longo do dia.<\/p>\n<p>A Cesama pede a compreens\u00e3o da popula\u00e7\u00e3o local e orienta para que os moradores economizem \u00e1gua. A previs\u00e3o \u00e9 de que o abastecimento seja regularizado ainda na noite de quarta-feira, 6.<\/p>\n","protected":false},"excerpt":{"rendered":"<p>Segundo informa\u00e7\u00f5es do site da Prefeitura de Juiz de Fora, na quarta-feira, 6, a Companhia de Saneamento Municipal (Cesama) ir\u00e1 realizar uma manuten\u00e7\u00e3o programada nas redes de suc\u00e7\u00e3o e recalque da elevat\u00f3ria de \u00e1gua do Bairro Amaz\u00f4nia. Os trabalhos ser\u00e3o feitos de 8h \u00e0s 10h e, para isso, ser\u00e1 necess\u00e1rio interromper o funcionamento da unidade. [&hellip;]<\/p>\n","protected":false},"author":246,"featured_media":197167,"comment_status":"closed","ping_status":"closed","sticky":false,"template":"","format":"standard","meta":{"footnotes":""},"categories":[253,436,439],"tags":[],"class_list":["post-197165","post","type-post","status-publish","format-standard","has-post-thumbnail","hentry","category-cidade","category-destaque-da-semana","category-ultima-hora"],"_links":{"self":[{"href":"https:\/\/diarioregionaldigital.com.br\/index.php?rest_route=\/wp\/v2\/posts\/197165","targetHints":{"allow":["GET"]}}],"collection":[{"href":"https:\/\/diarioregionaldigital.com.br\/index.php?rest_route=\/wp\/v2\/posts"}],"about":[{"href":"https:\/\/diarioregionaldigital.com.br\/index.php?rest_route=\/wp\/v2\/types\/post"}],"author":[{"embeddable":true,"href":"https:\/\/diarioregionaldigital.com.br\/index.php?rest_route=\/wp\/v2\/users\/246"}],"replies":[{"embeddable":true,"href":"https:\/\/diarioregionaldigital.com.br\/index.php?rest_route=%2Fwp%2Fv2%2Fcomments&post=197165"}],"version-history":[{"count":1,"href":"https:\/\/diarioregionaldigital.com.br\/index.php?rest_route=\/wp\/v2\/posts\/197165\/revisions"}],"predecessor-version":[{"id":197168,"href":"https:\/\/diarioregionaldigital.com.br\/index.php?rest_route=\/wp\/v2\/posts\/197165\/revisions\/197168"}],"wp:featuredmedia":[{"embeddable":true,"href":"https:\/\/diarioregionaldigital.com.br\/index.php?rest_route=\/wp\/v2\/media\/197167"}],"wp:attachment":[{"href":"https:\/\/diarioregionaldigital.com.br\/index.php?rest_route=%2Fwp%2Fv2%2Fmedia&parent=197165"}],"wp:term":[{"taxonomy":"category","embeddable":true,"href":"https:\/\/diarioregionaldigital.com.br\/index.php?rest_route=%2Fwp%2Fv2%2Fcategories&post=197165"},{"taxonomy":"post_tag","embeddable":true,"href":"https:\/\/diarioregionaldigital.com.br\/index.php?rest_route=%2Fwp%2Fv2%2Ftags&post=197165"}],"curies":[{"name":"wp","href":"https:\/\/api.w.org\/{rel}","templated":true}]}}