{"id":197162,"date":"2022-04-04T17:47:23","date_gmt":"2022-04-04T20:47:23","guid":{"rendered":"https:\/\/diarioregionaldigital.com.br\/?p=197162"},"modified":"2022-04-04T17:47:23","modified_gmt":"2022-04-04T20:47:23","slug":"juiz-de-fora-registra-periodo-chuvoso-mais-intenso-dos-ultimos-38-anos","status":"publish","type":"post","link":"https:\/\/diarioregionaldigital.com.br\/?p=197162","title":{"rendered":"Juiz de Fora registra per\u00edodo chuvoso mais intenso dos \u00faltimos 38 anos"},"content":{"rendered":"<p>Segundo informa\u00e7\u00f5es do site da Prefeitura de Juiz de Fora, entre outubro de 2021 e mar\u00e7o de 2022, Juiz de Fora registrou volume de chuva de 1740,6 mm de acordo com dados do Instituto Nacional de Meteorologia (Inmet). \u00c9 o per\u00edodo chuvoso mais intenso dos \u00faltimos 38 anos, superando a m\u00e9dia hist\u00f3rica em quase 30%. Neste intervalo, o munic\u00edpio teve dois decretos de emerg\u00eancia reconhecidos pelo Governo Federal em fun\u00e7\u00e3o dos desastres causados pela chuva. Apesar disso, nenhuma pessoa ficou desabrigada em Juiz de Fora e n\u00e3o houve v\u00edtimas fatais.<\/p>\n<p>O subsecret\u00e1rio de Prote\u00e7\u00e3o e Defesa Civil, Lu\u00eds Fernando Martins, ressalta que as a\u00e7\u00f5es preventivas foram fundamentais para minimizar os danos no per\u00edodo chuvoso. \u201cRegistramos recorde de volume de chuva e o nosso Plano de Conting\u00eancia se mostrou efetivo, possibilitando o trabalho integrado e r\u00e1pido para as a\u00e7\u00f5es de resposta. J\u00e1 o intenso trabalho preventivo, coordenado pela Secretaria de Governo, possibilitou que n\u00e3o tiv\u00e9ssemos v\u00edtimas fatais e nem pessoas desabrigadas no munic\u00edpio\u201d, afirma.<\/p>\n<p>Durante todo o per\u00edodo chuvoso 2021\/2022, a Defesa Civil atendeu 1.588 ocorr\u00eancias por todo o munic\u00edpio. A regi\u00e3o mais afetada pelas chuvas foi a Leste, que concentrou mais de 30% das ocorr\u00eancias da Defesa Civil. J\u00e1 a situa\u00e7\u00e3o mais comum registrada foi relacionada a deslizamento de terra, somando cerca de 35% do total de chamados. Foram realizados 350 atendimentos sociais pela equipe de Servi\u00e7o Social da Defesa Civil desde outubro de 2021. Al\u00e9m da doa\u00e7\u00e3o de lonas, cestas b\u00e1sicas, colch\u00f5es e kits dormit\u00f3rios, higiene e limpeza, as fam\u00edlias s\u00e3o direcionadas para a rede assistencial do munic\u00edpio.<\/p>\n<p>Diante das ocorr\u00eancias registradas pela Defesa Civil e do relat\u00f3rio conjunto elaborado por pastas da Prefeitura de Juiz de Fora (PJF), a Uni\u00e3o reconheceu o decreto de emerg\u00eancia do munic\u00edpio em fun\u00e7\u00e3o das chuvas de janeiro e, com isso, a PJF busca recursos federais para responder ao desastre e recuperar as \u00e1reas afetadas. J\u00e1 foi realizada, por exemplo, a constru\u00e7\u00e3o de nova rede de drenagem pluvial em Santa Rita e, na Rua Rosa Sffeir, a obra de demoli\u00e7\u00e3o dos im\u00f3veis que colocavam em risco a popula\u00e7\u00e3o aconteceu em tempo recorde. Tamb\u00e9m come\u00e7aram obras de conten\u00e7\u00e3o no Parque Serra Verde e j\u00e1 foi apresentado aos moradores do Bairro Industrial o projeto das obras para resolver o problema hist\u00f3rico de alagamentos na regi\u00e3o.<\/p>\n<p>Al\u00e9m disso, o trabalho de preven\u00e7\u00e3o, que foi ampliado desde o come\u00e7o da gest\u00e3o, quando a Defesa Civil passou a compor a Secretaria de Governo, n\u00e3o parou. A quantidade de vistorias preventivas realizadas aumentou mais de 500% em compara\u00e7\u00e3o com o \u00faltimo per\u00edodo chuvoso. O \u00f3rg\u00e3o tamb\u00e9m deu sequ\u00eancia \u00e0 forma\u00e7\u00e3o do N\u00facleo de Prote\u00e7\u00e3o e Defesa Civil (Nupdec) com volunt\u00e1rios do bairro Santa Luzia, \u00e0s vistorias preventivas nas escolas municipais, \u00e0s capacita\u00e7\u00f5es da equipe e ao mapeamento de \u00e1reas de risco.<\/p>\n<p>&nbsp;<\/p>\n","protected":false},"excerpt":{"rendered":"<p>Segundo informa\u00e7\u00f5es do site da Prefeitura de Juiz de Fora, entre outubro de 2021 e mar\u00e7o de 2022, Juiz de Fora registrou volume de chuva de 1740,6 mm de acordo com dados do Instituto Nacional de Meteorologia (Inmet). \u00c9 o per\u00edodo chuvoso mais intenso dos \u00faltimos 38 anos, superando a m\u00e9dia hist\u00f3rica em quase 30%. [&hellip;]<\/p>\n","protected":false},"author":246,"featured_media":197163,"comment_status":"closed","ping_status":"closed","sticky":false,"template":"","format":"standard","meta":{"footnotes":""},"categories":[253,436,440,439],"tags":[],"class_list":["post-197162","post","type-post","status-publish","format-standard","has-post-thumbnail","hentry","category-cidade","category-destaque-da-semana","category-destaques-do-dia","category-ultima-hora"],"_links":{"self":[{"href":"https:\/\/diarioregionaldigital.com.br\/index.php?rest_route=\/wp\/v2\/posts\/197162","targetHints":{"allow":["GET"]}}],"collection":[{"href":"https:\/\/diarioregionaldigital.com.br\/index.php?rest_route=\/wp\/v2\/posts"}],"about":[{"href":"https:\/\/diarioregionaldigital.com.br\/index.php?rest_route=\/wp\/v2\/types\/post"}],"author":[{"embeddable":true,"href":"https:\/\/diarioregionaldigital.com.br\/index.php?rest_route=\/wp\/v2\/users\/246"}],"replies":[{"embeddable":true,"href":"https:\/\/diarioregionaldigital.com.br\/index.php?rest_route=%2Fwp%2Fv2%2Fcomments&post=197162"}],"version-history":[{"count":1,"href":"https:\/\/diarioregionaldigital.com.br\/index.php?rest_route=\/wp\/v2\/posts\/197162\/revisions"}],"predecessor-version":[{"id":197164,"href":"https:\/\/diarioregionaldigital.com.br\/index.php?rest_route=\/wp\/v2\/posts\/197162\/revisions\/197164"}],"wp:featuredmedia":[{"embeddable":true,"href":"https:\/\/diarioregionaldigital.com.br\/index.php?rest_route=\/wp\/v2\/media\/197163"}],"wp:attachment":[{"href":"https:\/\/diarioregionaldigital.com.br\/index.php?rest_route=%2Fwp%2Fv2%2Fmedia&parent=197162"}],"wp:term":[{"taxonomy":"category","embeddable":true,"href":"https:\/\/diarioregionaldigital.com.br\/index.php?rest_route=%2Fwp%2Fv2%2Fcategories&post=197162"},{"taxonomy":"post_tag","embeddable":true,"href":"https:\/\/diarioregionaldigital.com.br\/index.php?rest_route=%2Fwp%2Fv2%2Ftags&post=197162"}],"curies":[{"name":"wp","href":"https:\/\/api.w.org\/{rel}","templated":true}]}}