{"id":197158,"date":"2022-04-04T17:42:33","date_gmt":"2022-04-04T20:42:33","guid":{"rendered":"https:\/\/diarioregionaldigital.com.br\/?p=197158"},"modified":"2022-04-04T17:42:33","modified_gmt":"2022-04-04T20:42:33","slug":"palmeiras-atropela-sao-paulo-vira-confronto-e-leva-titulo-paulista","status":"publish","type":"post","link":"https:\/\/diarioregionaldigital.com.br\/?p=197158","title":{"rendered":"Palmeiras atropela S\u00e3o Paulo, vira confronto e leva t\u00edtulo paulista"},"content":{"rendered":"<p>A ta\u00e7a do Campeonato Paulista de 2022 \u00e9 do Palmeiras pela 24\u00aa vez na hist\u00f3ria. Neste\u00a0domingo\u00a0(3), o Verd\u00e3o goleou o S\u00e3o Paulo por 4 a 0 no Allianz Parque, em S\u00e3o Paulo, pelo jogo de volta da decis\u00e3o. O Alviverde virou o confronto, que iniciou com vantagem advers\u00e1ria, devido ao triunfo do Tricolor na partida de ida, na \u00faltima\u00a0quarta-feira (30), por 3 a 1, no Morumbi, tamb\u00e9m na capital do estado.<img decoding=\"async\" src=\"https:\/\/agenciabrasil.ebc.com.br\/ebc.png?id=1452157&amp;o=node\" \/><img decoding=\"async\" src=\"https:\/\/agenciabrasil.ebc.com.br\/ebc.gif?id=1452157&amp;o=node\" \/><\/p>\n<p>Foi a\u00a0quinta\u00a0conquista de Abel Ferreira no comando do Palmeiras em pouco menos de um ano e meio de trabalho, isolando-o como quarto t\u00e9cnico mais vitorioso do clube. Al\u00e9m do Paulista, ele conduziu a equipe a um t\u00edtulo de Copa do Brasil (2020), um da Recopa Sul-Americana (2022)\u00a0e duas Libertadores (2020 e 2021). De quebra, o Verd\u00e3o impediu que o S\u00e3o Paulo o igualasse no n\u00famero de conquistas estaduais.<\/p>\n<p>O primeiro tempo come\u00e7ou quente. Aos sete minutos, o volante Danilo chutou de primeira e a bola explodiu no bra\u00e7o do atacante \u00c9der, dentro da \u00e1rea. O \u00e1rbitro Raphael Claus foi chamado ao v\u00eddeo para avaliar o lance, semelhante o que gerou a marca\u00e7\u00e3o de um p\u00eanalti &#8211; contestado pelos palmeirenses &#8211; no jogo de ida \u00e0 favor do S\u00e3o Paulo, mas entendeu que o membro do atleta do Tricolor estava recolhido ao corpo e mandou a partida seguir.<\/p>\n<p>O Verd\u00e3o seguiu pressionando e assustou novamente aos 18, parando em Jandrei. Depois de cortar o cruzamento do atacante Dudu pela direita, o goleiro salvou, com os p\u00e9s, a finaliza\u00e7\u00e3o firme do meia Gustavo Scarpa. A insist\u00eancia foi recompensada aos 21. Ap\u00f3s escanteio curto cobrado pela direita, Gustavo Scarpa levantou e Danilo, de cabe\u00e7a, mandou para as redes.<\/p>\n<p>O Palmeiras seguiu mandando na partida e ampliou aos 27 minutos. O meia Raphael Veiga recebeu na ponta direita e cruzou. A bola desviou na zaga e sobrou para o volante Z\u00e9 Rafael bater no canto. O VAR novamente chamou Claus para conferir o lance, entendendo que houve falta de Danilo no atacante Jonathan Calleri na origem do gol, mas o \u00e1rbitro manteve a decis\u00e3o de campo.<\/p>\n<p>A press\u00e3o alviverde n\u00e3o arrefeceu no segundo tempo. Aos dois minutos, Dudu escapou da marca\u00e7\u00e3o do zagueiro Diego Costa na direita e cruzou rasteiro para Raphael Veiga, de carrinho, fazer o terceiro dos anfitri\u00f5es.<\/p>\n<p>Em desvantagem no confronto pela primeira vez, o S\u00e3o Paulo tentou se lan\u00e7ar ao ataque, mas com dificuldades para ser perigoso. O Palmeiras, ao contr\u00e1rio, foi letal. Aos 35 minutos, Z\u00e9 Rafael desarmou o meia Igor Gomes na intermedi\u00e1ria e achou Gabriel Veron. O atacante encontrou Raphael Veiga livre para sair do alcance de Jandrei e mandar para as redes, sacramentando o t\u00edtulo alviverde. Nos acr\u00e9scimos, o Tricolor ainda perdeu o lateral Rafinha, expulso.<\/p>\n<p>As equipes voltam a campo no meio de semana, pelas respectivas competi\u00e7\u00f5es continentais. Na\u00a0quarta-feira (6), o Verd\u00e3o visita o Deportivo T\u00e1chira (Venezuela) pela Libertadores, \u00e0s 21h (hor\u00e1rio de Bras\u00edlia). Na\u00a0quinta-feira (7), \u00e0s 21h30, o S\u00e3o Paulo encara o Ayacucho (Peru), fora de casa, pela Copa Sul-Americana.<\/p>\n<p>Fonte: Ag\u00eancia Brasil<\/p>\n","protected":false},"excerpt":{"rendered":"<p>A ta\u00e7a do Campeonato Paulista de 2022 \u00e9 do Palmeiras pela 24\u00aa vez na hist\u00f3ria. Neste\u00a0domingo\u00a0(3), o Verd\u00e3o goleou o S\u00e3o Paulo por 4 a 0 no Allianz Parque, em S\u00e3o Paulo, pelo jogo de volta da decis\u00e3o. O Alviverde virou o confronto, que iniciou com vantagem advers\u00e1ria, devido ao triunfo do Tricolor na partida [&hellip;]<\/p>\n","protected":false},"author":246,"featured_media":197159,"comment_status":"closed","ping_status":"closed","sticky":false,"template":"","format":"standard","meta":{"footnotes":""},"categories":[436,257,439],"tags":[],"class_list":["post-197158","post","type-post","status-publish","format-standard","has-post-thumbnail","hentry","category-destaque-da-semana","category-esporte","category-ultima-hora"],"_links":{"self":[{"href":"https:\/\/diarioregionaldigital.com.br\/index.php?rest_route=\/wp\/v2\/posts\/197158","targetHints":{"allow":["GET"]}}],"collection":[{"href":"https:\/\/diarioregionaldigital.com.br\/index.php?rest_route=\/wp\/v2\/posts"}],"about":[{"href":"https:\/\/diarioregionaldigital.com.br\/index.php?rest_route=\/wp\/v2\/types\/post"}],"author":[{"embeddable":true,"href":"https:\/\/diarioregionaldigital.com.br\/index.php?rest_route=\/wp\/v2\/users\/246"}],"replies":[{"embeddable":true,"href":"https:\/\/diarioregionaldigital.com.br\/index.php?rest_route=%2Fwp%2Fv2%2Fcomments&post=197158"}],"version-history":[{"count":2,"href":"https:\/\/diarioregionaldigital.com.br\/index.php?rest_route=\/wp\/v2\/posts\/197158\/revisions"}],"predecessor-version":[{"id":197161,"href":"https:\/\/diarioregionaldigital.com.br\/index.php?rest_route=\/wp\/v2\/posts\/197158\/revisions\/197161"}],"wp:featuredmedia":[{"embeddable":true,"href":"https:\/\/diarioregionaldigital.com.br\/index.php?rest_route=\/wp\/v2\/media\/197159"}],"wp:attachment":[{"href":"https:\/\/diarioregionaldigital.com.br\/index.php?rest_route=%2Fwp%2Fv2%2Fmedia&parent=197158"}],"wp:term":[{"taxonomy":"category","embeddable":true,"href":"https:\/\/diarioregionaldigital.com.br\/index.php?rest_route=%2Fwp%2Fv2%2Fcategories&post=197158"},{"taxonomy":"post_tag","embeddable":true,"href":"https:\/\/diarioregionaldigital.com.br\/index.php?rest_route=%2Fwp%2Fv2%2Ftags&post=197158"}],"curies":[{"name":"wp","href":"https:\/\/api.w.org\/{rel}","templated":true}]}}