{"id":197153,"date":"2022-04-04T17:40:47","date_gmt":"2022-04-04T20:40:47","guid":{"rendered":"https:\/\/diarioregionaldigital.com.br\/?p=197153"},"modified":"2022-04-04T17:40:47","modified_gmt":"2022-04-04T20:40:47","slug":"jacuipense-sai-atras-mas-arranca-empate-em-1o-jogo-da-final-do-baiano","status":"publish","type":"post","link":"https:\/\/diarioregionaldigital.com.br\/?p=197153","title":{"rendered":"Jacuipense sai atr\u00e1s, mas arranca empate em 1\u00ba jogo da final do Baiano"},"content":{"rendered":"<p>Atl\u00e9tico de Alagoinhas (BA) e Jacuipense empataram em 1 a 1 no in\u00edcio da noite de hoje (3) e deixaram em aberto a decis\u00e3o do t\u00edtulo do Campeonato Baiano para o pr\u00f3ximo domingo (10). Jogando na casa do advers\u00e1rio, no est\u00e1dio Carneir\u00e3o, o Jacuipense teve o meio-campista Danilo Rios expulso aos 19 minutos, quando dominava a partida, ap\u00f3s ele ter cometido\u00a0um p\u00eanalti. Miller cobrou com categoria para o Carcar\u00e1, mas o goleiro Mota fez uma defesa\u00e7a, espalmando para fora. J\u00e1 nos acr\u00e9scimos, Miller se redimiu e abriu o placar para o All\u00e9tico-BA com um gola\u00e7o de fora da \u00e1rea. No entanto, na etapa final, Jerry marcou contra e igualou o placar para o Le\u00e3o do Sisal. \u00a0\u00a0<img decoding=\"async\" src=\"https:\/\/agenciabrasil.ebc.com.br\/ebc.png?id=1452167&amp;o=node\" \/><img decoding=\"async\" src=\"https:\/\/agenciabrasil.ebc.com.br\/ebc.gif?id=1452167&amp;o=node\" \/><\/p>\n<p>Os visitantes come\u00e7aram melhor no jogo de ida no Carneir\u00e3o, com marca\u00e7\u00e3o forte no meio de campo e buscaram mais o gol. A melhor chance surgiu aos 14 minutos, com Robinho que ficou cara a cara com o goleiro e chutou firme, mas F\u00e1bio Mota atento fez linda defesa. Aos 17, um susto: o zagueiro Bremer, do Atl\u00e9tico, subiu para afastar e acabou atingindo o companheiro Leandro Sobral que caiu no gramado com falta de ar. Ap\u00f3s atendimento m\u00e9dico, o jogador se recuperou e seguiu em campo.<\/p>\n<p>Com a bola roalndo de novo, aos 24 minutos, Dion\u00edsio invadiu a \u00e1rea do\u00a0Jacuipense e, antes de chutar, foi empurrado por Danilo Rios. O \u00e1rbirtro de campo, Emerson Ricardo de Almeida Andrade, assinalou o p\u00eanalti, e expulsou o meio-campista Rios. N\u00e3o houve interven\u00e7\u00e3o do \u00c1rbitro de V\u00eddeo (VAR). Miller cobrou bem, mas quem brilhou foi o goleiro Mota que defendeu.<\/p>\n<p>Com um jogador a menos em campo, a Jacuipense recuou, e o Carcar\u00e1 tomou conta do jogo. Aos 36 minutos, Thiaguinho deu uma caneta do defensor antes de chutar, mas Mota fechou o gol de novo. De tanto insistir, j\u00e1 aos 48 minutos, Miller ser redimiu e marcou um gola\u00e7o de fora da \u00e1rea, sem chances para Motta, inaugurando o placar para o Atl\u00e9tico.<\/p>\n<p>Na volta do intervalo, o Jacuipense teve a chance do empate com um chute de Emerson da entrada da \u00e1rea, mas a bola desviou na marca\u00e7\u00e3o. Na sequ\u00eancia,\u00a0aos 14, o Atl\u00e9tico por pouco n\u00e3o ampliou: Thiaguinho rolou para Dion\u00edsio empurrar para o gol, mas Mota impediu o gol. A sorte virou a favor do Le\u00e3o do Sisal aos 21 minutos, em cobran\u00e7a perigosa de falta de Edy. Na tentativa de desvio, Jerry testou para o pr\u00f3prio gol e deixou tudo igual no Carneir\u00e3o. O Carcar\u00e1 ainda teve chances de voltar a liderar o marcador. Aos 27 minutos, Thiaguinho cobrou falta na segunda trave e Iran cabeceou, mas a bola foi por cima do gol.\u00a0E antes do t\u00e9rmino, aos 37, em noite de gala, Mota espalmou o que seria o gol da vit\u00f3ria do Atl\u00e9tico de Alagoinhas: uma cabe\u00e7ada certeira de Gabriel Esteves, ap\u00f3s lindo cruzamento de Thiaguinho. E o jogo terminou mesmo em 1 a 1.<\/p>\n<p>Fonte: Ag\u00eancia Brasil<\/p>\n","protected":false},"excerpt":{"rendered":"<p>Atl\u00e9tico de Alagoinhas (BA) e Jacuipense empataram em 1 a 1 no in\u00edcio da noite de hoje (3) e deixaram em aberto a decis\u00e3o do t\u00edtulo do Campeonato Baiano para o pr\u00f3ximo domingo (10). Jogando na casa do advers\u00e1rio, no est\u00e1dio Carneir\u00e3o, o Jacuipense teve o meio-campista Danilo Rios expulso aos 19 minutos, quando dominava [&hellip;]<\/p>\n","protected":false},"author":246,"featured_media":197154,"comment_status":"closed","ping_status":"closed","sticky":false,"template":"","format":"standard","meta":{"footnotes":""},"categories":[436,257,439],"tags":[],"class_list":["post-197153","post","type-post","status-publish","format-standard","has-post-thumbnail","hentry","category-destaque-da-semana","category-esporte","category-ultima-hora"],"_links":{"self":[{"href":"https:\/\/diarioregionaldigital.com.br\/index.php?rest_route=\/wp\/v2\/posts\/197153","targetHints":{"allow":["GET"]}}],"collection":[{"href":"https:\/\/diarioregionaldigital.com.br\/index.php?rest_route=\/wp\/v2\/posts"}],"about":[{"href":"https:\/\/diarioregionaldigital.com.br\/index.php?rest_route=\/wp\/v2\/types\/post"}],"author":[{"embeddable":true,"href":"https:\/\/diarioregionaldigital.com.br\/index.php?rest_route=\/wp\/v2\/users\/246"}],"replies":[{"embeddable":true,"href":"https:\/\/diarioregionaldigital.com.br\/index.php?rest_route=%2Fwp%2Fv2%2Fcomments&post=197153"}],"version-history":[{"count":2,"href":"https:\/\/diarioregionaldigital.com.br\/index.php?rest_route=\/wp\/v2\/posts\/197153\/revisions"}],"predecessor-version":[{"id":197156,"href":"https:\/\/diarioregionaldigital.com.br\/index.php?rest_route=\/wp\/v2\/posts\/197153\/revisions\/197156"}],"wp:featuredmedia":[{"embeddable":true,"href":"https:\/\/diarioregionaldigital.com.br\/index.php?rest_route=\/wp\/v2\/media\/197154"}],"wp:attachment":[{"href":"https:\/\/diarioregionaldigital.com.br\/index.php?rest_route=%2Fwp%2Fv2%2Fmedia&parent=197153"}],"wp:term":[{"taxonomy":"category","embeddable":true,"href":"https:\/\/diarioregionaldigital.com.br\/index.php?rest_route=%2Fwp%2Fv2%2Fcategories&post=197153"},{"taxonomy":"post_tag","embeddable":true,"href":"https:\/\/diarioregionaldigital.com.br\/index.php?rest_route=%2Fwp%2Fv2%2Ftags&post=197153"}],"curies":[{"name":"wp","href":"https:\/\/api.w.org\/{rel}","templated":true}]}}