{"id":197149,"date":"2022-04-04T17:38:57","date_gmt":"2022-04-04T20:38:57","guid":{"rendered":"https:\/\/diarioregionaldigital.com.br\/?p=197149"},"modified":"2022-04-04T17:38:57","modified_gmt":"2022-04-04T20:38:57","slug":"com-recordes-atletas-obtem-indice-para-mundial-de-natacao-paralimpica","status":"publish","type":"post","link":"https:\/\/diarioregionaldigital.com.br\/?p=197149","title":{"rendered":"Com recordes, atletas obt\u00eam \u00edndice para Mundial de nata\u00e7\u00e3o paral\u00edmpica"},"content":{"rendered":"<p>O Brasil tem 20 nadadores confirmados no Campeonato Mundial paral\u00edmpico da modalidade, que ser\u00e1 disputado em Funchal (Portugal), entre 12 e\u00a018 de junho. Quatorze deles foram conhecidos na primeira fase do circuito nacional, finalizada no \u00faltimo\u00a0s\u00e1bado\u00a0(2), no Centro de Treinamento Paral\u00edmpico, em S\u00e3o Paulo. A\u00a0segunda\u00a0fase do circuito,\u00a0entre 9 e\u00a010 de abril, tamb\u00e9m servir\u00e1\u00a0como seletiva para a competi\u00e7\u00e3o.<img decoding=\"async\" src=\"https:\/\/agenciabrasil.ebc.com.br\/ebc.png?id=1452133&amp;o=node\" \/><img decoding=\"async\" src=\"https:\/\/agenciabrasil.ebc.com.br\/ebc.gif?id=1452133&amp;o=node\" \/><\/p>\n<p>Cerca de 200 atletas participaram do evento, que come\u00e7ou na\u00a0quinta-feira (31), sendo que metade\u00a0poderia\u00a0brigar por vagas no Mundial, por terem classifica\u00e7\u00e3o internacional (ou seja, estarem devidamente categorizados, conforme o grau da defici\u00eancia, para competi\u00e7\u00f5es no exterior). Pelos crit\u00e9rios do Comit\u00ea Paral\u00edmpico Brasileiro (CPB), se o nadador atingisse o \u00edndice estabelecido pela entidade em ao menos uma prova, ele poder\u00e1 disputar outras em Portugal, desde que atenda \u00e0s marcas m\u00ednimas exigidas pelo Comit\u00ea Paral\u00edmpico Internacional (IPC, sigla em ingl\u00eas).<\/p>\n<p>Na nata\u00e7\u00e3o paral\u00edmpica, s\u00e3o dez classes (S1 a S10) voltadas\u00a0aos atletas com defici\u00eancias f\u00edsico-motoras. Nas classes S11 a S13, est\u00e3o os nadadores com defici\u00eancia visual. Nos dois casos, quanto menor o n\u00famero da categoria, maior o grau do comprometimento. J\u00e1 na classe S14, competem os esportistas com defici\u00eancia intelectual.<\/p>\n<p>A busca pelo \u00edndice para o Mundial rendeu a quebra de alguns recordes. O paulista Samuel Oliveira, de apenas 16 anos, tornou-se o paral\u00edmpico mais veloz das Am\u00e9ricas\u00a0da classe S5 nos 50 metros (m) nado borboleta. Ele finalizou a prova em 33s57, superando os 33s98 registrados simplesmente pelo multicampe\u00e3o Daniel Dias, em 2014.<\/p>\n<p>&#8220;\u00c9 bem dif\u00edcil a ficha cair agora, mas fico feliz de\u00a0ter\u00a0batido o recorde das Am\u00e9ricas. \u00c9 como sempre falo: tem que sonhar alto, mas sempre com o p\u00e9 no ch\u00e3o&#8221;, celebrou Samuel, que\u00a0amputou os dois bra\u00e7os devido a um choque el\u00e9trico de tr\u00eas mil volts, \u00e0\u00a0<strong>Ag\u00eancia Brasil<\/strong>.<\/p>\n<div class=\"dnd-widget-wrapper context-cheio_8colunas type-image\">\n<div class=\"dnd-atom-rendered\">\n<p>No ano passado, em S\u00e3o Paulo, o jovem tinha estabelecido marca para competir na Paralimp\u00edada de T\u00f3quio (Jap\u00e3o) durante a seletiva da sele\u00e7\u00e3o brasileira, mas como n\u00e3o\u00a0conseguiu participar de competi\u00e7\u00f5es espec\u00edficas no ciclo, determinadas pelo IPC, ficou ineleg\u00edvel para os Jogos. Desta vez, ele poder\u00e1 estrear em Mundiais.<\/p>\n<p>A carioca L\u00eddia Cruz passou por situa\u00e7\u00e3o semelhante em 2021, tamb\u00e9m ficando fora de T\u00f3quio, apesar de\u00a0ter\u00a0\u00edndice. A volta por cima veio em grande estilo, com vaga assegurada no Mundial de Portugal e tr\u00eas recordes das Am\u00e9ricas da classe S4 batidos em S\u00e3o Paulo: nos cem metros e (duas vezes) nos 200m livre.<\/p>\n<p>&#8220;A sensa\u00e7\u00e3o \u00e9 de que o trabalho duro, que n\u00e3o \u00e9 de\u00a0hoje, mas de muito tempo treinando, est\u00e1 sendo recompensado. Tudo est\u00e1 dando tudo certo&#8221;, comemorou L\u00eddia, que j\u00e1 havia quebrado a marca continental dos 200m em mar\u00e7o, na etapa de Lignano Sabbiadoro (It\u00e1lia) do circuito mundial paral\u00edmpico, na primeira competi\u00e7\u00e3o dela fora do Brasil.<\/p>\n<p>Segundo o CPB, al\u00e9m dos atletas que obtivessem \u00edndice na fase nacional, os cinco campe\u00f5es da modalidade em T\u00f3quio tamb\u00e9m teriam vaga garantida no Mundial. Caso de Gabriel Ara\u00fajo. Dono de duas medalhas de ouro no Jap\u00e3o, o mineiro n\u00e3o se poupou na piscina do Centro Paral\u00edmpico e\u00a0quebrou dois recordes mundiais &#8211; que j\u00e1 eram dele pr\u00f3prio &#8211; da classe S2: o dos 150m medley e dos 50m borboleta.<\/p>\n<p>&#8220;A gente tem que usar as competi\u00e7\u00f5es para fazer testes. Nadar v\u00e1rias provas, uma em cima da outra, trabalhar com cansa\u00e7o e todas as vari\u00e1veis poss\u00edveis, para quando chegar ao Mundial, estar mais tranquilo e com o corpo preparado para nadar as provas principais&#8221;, argumentou Gabrielzinho, que nasceu com focomelia, doen\u00e7a que impede o crescimento normal de bra\u00e7os e pernas.<\/p>\n<p>Simult\u00e2neo \u00e0 seletiva, tr\u00eas nadadores do pa\u00eds disputaram a etapa de Berlim (Alemanha) do circuito mundial, para obterem as respectivas classifica\u00e7\u00f5es internacionais. Na classe S3, Larissa Rodrigues foi al\u00e9m das expectativas e tamb\u00e9m estabeleceu \u00edndice para o Mundial, nos 200m livre. A ga\u00facha de 17 anos concluiu a prova em 5min13s40, quase cinco minutos abaixo da marca m\u00ednima exigida pelo CPB.<\/p>\n<p>Atletas assegurados\u00a0para o Mundial de Portugal<\/p>\n<p><strong>S1:<\/strong>\u00a0Jos\u00e9 Ronaldo da Silva<\/p>\n<p><strong>S2:<\/strong>\u00a0<strong>Gabriel Ara\u00fajo*\u00a0<\/strong>e Bruno Becker.<\/p>\n<p><strong>S3<\/strong>: Larissa Rodrigues<\/p>\n<p><strong>S4:<\/strong>\u00a0L\u00eddia Cruz e Patr\u00edcia dos Santos.<\/p>\n<p><strong>S5:<\/strong>\u00a0Joana Neves e Samuel Oliveira.<\/p>\n<p><strong>S6<\/strong>:\u00a0<strong>Talisson Glock*<\/strong>.<\/p>\n<p><strong>S8<\/strong>: Cec\u00edlia Ara\u00fajo e Gabriel Cristiano.<\/p>\n<p><strong>S9:<\/strong>\u00a0Mariana Gesteira.<\/p>\n<p><strong>S10<\/strong>: Phelipe Rodrigues.<\/p>\n<p><strong>S11:<\/strong>\u00a0<strong>Wendell Belarmino*<\/strong><\/p>\n<p><strong>S12<\/strong>: Lucilene Sousa e\u00a0<strong>Carol Santiago*<\/strong><\/p>\n<p><strong>S13:<\/strong>\u00a0Douglas Matera<\/p>\n<p><strong>S14<\/strong>: Jo\u00e3o Brutos, Ana Karolina Soares e\u00a0<strong>Gabriel Bandeira*<\/strong><\/p>\n<p><em><strong>*<\/strong><strong>\u00a0<\/strong>Nadadores\u00a0garantidos pelo t\u00edtulo paral\u00edmpico nos Jogos de T\u00f3quio<br \/>\n<\/em><br \/>\nFonte: Ag\u00eancia Brasil<\/p>\n<\/div>\n<\/div>\n","protected":false},"excerpt":{"rendered":"<p>O Brasil tem 20 nadadores confirmados no Campeonato Mundial paral\u00edmpico da modalidade, que ser\u00e1 disputado em Funchal (Portugal), entre 12 e\u00a018 de junho. Quatorze deles foram conhecidos na primeira fase do circuito nacional, finalizada no \u00faltimo\u00a0s\u00e1bado\u00a0(2), no Centro de Treinamento Paral\u00edmpico, em S\u00e3o Paulo. A\u00a0segunda\u00a0fase do circuito,\u00a0entre 9 e\u00a010 de abril, tamb\u00e9m servir\u00e1\u00a0como seletiva para [&hellip;]<\/p>\n","protected":false},"author":246,"featured_media":197150,"comment_status":"closed","ping_status":"closed","sticky":false,"template":"","format":"standard","meta":{"footnotes":""},"categories":[436,257,439],"tags":[],"class_list":["post-197149","post","type-post","status-publish","format-standard","has-post-thumbnail","hentry","category-destaque-da-semana","category-esporte","category-ultima-hora"],"_links":{"self":[{"href":"https:\/\/diarioregionaldigital.com.br\/index.php?rest_route=\/wp\/v2\/posts\/197149","targetHints":{"allow":["GET"]}}],"collection":[{"href":"https:\/\/diarioregionaldigital.com.br\/index.php?rest_route=\/wp\/v2\/posts"}],"about":[{"href":"https:\/\/diarioregionaldigital.com.br\/index.php?rest_route=\/wp\/v2\/types\/post"}],"author":[{"embeddable":true,"href":"https:\/\/diarioregionaldigital.com.br\/index.php?rest_route=\/wp\/v2\/users\/246"}],"replies":[{"embeddable":true,"href":"https:\/\/diarioregionaldigital.com.br\/index.php?rest_route=%2Fwp%2Fv2%2Fcomments&post=197149"}],"version-history":[{"count":2,"href":"https:\/\/diarioregionaldigital.com.br\/index.php?rest_route=\/wp\/v2\/posts\/197149\/revisions"}],"predecessor-version":[{"id":197152,"href":"https:\/\/diarioregionaldigital.com.br\/index.php?rest_route=\/wp\/v2\/posts\/197149\/revisions\/197152"}],"wp:featuredmedia":[{"embeddable":true,"href":"https:\/\/diarioregionaldigital.com.br\/index.php?rest_route=\/wp\/v2\/media\/197150"}],"wp:attachment":[{"href":"https:\/\/diarioregionaldigital.com.br\/index.php?rest_route=%2Fwp%2Fv2%2Fmedia&parent=197149"}],"wp:term":[{"taxonomy":"category","embeddable":true,"href":"https:\/\/diarioregionaldigital.com.br\/index.php?rest_route=%2Fwp%2Fv2%2Fcategories&post=197149"},{"taxonomy":"post_tag","embeddable":true,"href":"https:\/\/diarioregionaldigital.com.br\/index.php?rest_route=%2Fwp%2Fv2%2Ftags&post=197149"}],"curies":[{"name":"wp","href":"https:\/\/api.w.org\/{rel}","templated":true}]}}