{"id":197146,"date":"2022-04-04T17:36:16","date_gmt":"2022-04-04T20:36:16","guid":{"rendered":"https:\/\/diarioregionaldigital.com.br\/?p=197146"},"modified":"2022-04-04T17:36:16","modified_gmt":"2022-04-04T20:36:16","slug":"selecao-feminina-luana-sente-joelho-operado-e-da-lugar-a-ana-vitoria","status":"publish","type":"post","link":"https:\/\/diarioregionaldigital.com.br\/?p=197146","title":{"rendered":"Sele\u00e7\u00e3o feminina: Luana sente joelho operado e d\u00e1 lugar \u00e0 Ana Vit\u00f3ria"},"content":{"rendered":"<p>A volante Luana, que defende o Paris Saint-Germain (PSG),\u00a0deu lugar \u00e0 meia Ana Vit\u00f3ria, do Benfica (Portugal), na convoca\u00e7\u00e3o da sele\u00e7\u00e3o brasileira feminina de futebol para os amistosos contra Espanha e Hungria, na pr\u00f3xima quinta-feira (7)\u00a0e quatro dias depois, ambos em solo espanhol. Segundo nota da Confedera\u00e7\u00e3o Brasileira de Futebol (CBF), divulgada neste domingo (3), o PSG\u00a0(Fran\u00e7a)\u00a0comunicou\u00a0que a\u00a0atleta de 28 anos sofreu uma les\u00e3o na cartilagem da patela do joelho esquerdo.<img decoding=\"async\" src=\"https:\/\/agenciabrasil.ebc.com.br\/ebc.png?id=1452170&amp;o=node\" \/><img decoding=\"async\" src=\"https:\/\/agenciabrasil.ebc.com.br\/ebc.gif?id=1452170&amp;o=node\" \/><\/p>\n<p>O joelho \u00e9 o mesmo que Luana precisou operar h\u00e1 um ano. Em mar\u00e7o de 2021, a volante rompeu o ligamento cruzado durante um treino, voltando a jogar\u00a0apenas em dezembro. A contus\u00e3o deixou a jogadora &#8211; \u00e0 \u00e9poca, capit\u00e3 da sele\u00e7\u00e3o comandada por Pia Sundhage &#8211; da Olimp\u00edada de T\u00f3quio (Jap\u00e3o).<\/p>\n<p>A troca de Luana por Ana Vit\u00f3ria \u00e9 a terceira que Pia\u00a0teve de fazer desde a convoca\u00e7\u00e3o do \u00faltimo dia 18 de mar\u00e7o. Uma semana ap\u00f3s a lista ser divulgada, Tha\u00eds, do Palmeiras, foi chamada para o lugar da tamb\u00e9m zagueira Rafaelle, do Arsenal (Inglaterra). No dia 28, a meia Marta, do Orlando Pride (Estados Unidos) deu lugar \u00e0 atacante Gabi Portilho, do Corinthians. As mudan\u00e7as foram por les\u00e3o.<\/p>\n<p>A delega\u00e7\u00e3o brasileira come\u00e7a a se apresentar neste domingo, na cidade de Alicante, onde ser\u00e1 realizado o confronto de quinta, diante das espanholas, \u00e0s 15h (hor\u00e1rio de Bras\u00edlia), no est\u00e1dio Rico P\u00e9rez. O primeiro treino ser\u00e1 nesta segunda-feira (4), \u00e0s 12h. Na sexta-feira (8), a equipe viaja para San Pedro del Pinatar, onde encara a Hungria no dia 11, \u00e0s 15h30, na Pinatar Arena.<\/p>\n<p>Fonte: Ag\u00eancia Minas<\/p>\n","protected":false},"excerpt":{"rendered":"<p>A volante Luana, que defende o Paris Saint-Germain (PSG),\u00a0deu lugar \u00e0 meia Ana Vit\u00f3ria, do Benfica (Portugal), na convoca\u00e7\u00e3o da sele\u00e7\u00e3o brasileira feminina de futebol para os amistosos contra Espanha e Hungria, na pr\u00f3xima quinta-feira (7)\u00a0e quatro dias depois, ambos em solo espanhol. Segundo nota da Confedera\u00e7\u00e3o Brasileira de Futebol (CBF), divulgada neste domingo (3), [&hellip;]<\/p>\n","protected":false},"author":246,"featured_media":197147,"comment_status":"closed","ping_status":"closed","sticky":false,"template":"","format":"standard","meta":{"footnotes":""},"categories":[436,440,257,439],"tags":[],"class_list":["post-197146","post","type-post","status-publish","format-standard","has-post-thumbnail","hentry","category-destaque-da-semana","category-destaques-do-dia","category-esporte","category-ultima-hora"],"_links":{"self":[{"href":"https:\/\/diarioregionaldigital.com.br\/index.php?rest_route=\/wp\/v2\/posts\/197146","targetHints":{"allow":["GET"]}}],"collection":[{"href":"https:\/\/diarioregionaldigital.com.br\/index.php?rest_route=\/wp\/v2\/posts"}],"about":[{"href":"https:\/\/diarioregionaldigital.com.br\/index.php?rest_route=\/wp\/v2\/types\/post"}],"author":[{"embeddable":true,"href":"https:\/\/diarioregionaldigital.com.br\/index.php?rest_route=\/wp\/v2\/users\/246"}],"replies":[{"embeddable":true,"href":"https:\/\/diarioregionaldigital.com.br\/index.php?rest_route=%2Fwp%2Fv2%2Fcomments&post=197146"}],"version-history":[{"count":1,"href":"https:\/\/diarioregionaldigital.com.br\/index.php?rest_route=\/wp\/v2\/posts\/197146\/revisions"}],"predecessor-version":[{"id":197148,"href":"https:\/\/diarioregionaldigital.com.br\/index.php?rest_route=\/wp\/v2\/posts\/197146\/revisions\/197148"}],"wp:featuredmedia":[{"embeddable":true,"href":"https:\/\/diarioregionaldigital.com.br\/index.php?rest_route=\/wp\/v2\/media\/197147"}],"wp:attachment":[{"href":"https:\/\/diarioregionaldigital.com.br\/index.php?rest_route=%2Fwp%2Fv2%2Fmedia&parent=197146"}],"wp:term":[{"taxonomy":"category","embeddable":true,"href":"https:\/\/diarioregionaldigital.com.br\/index.php?rest_route=%2Fwp%2Fv2%2Fcategories&post=197146"},{"taxonomy":"post_tag","embeddable":true,"href":"https:\/\/diarioregionaldigital.com.br\/index.php?rest_route=%2Fwp%2Fv2%2Ftags&post=197146"}],"curies":[{"name":"wp","href":"https:\/\/api.w.org\/{rel}","templated":true}]}}