{"id":197143,"date":"2022-04-04T17:33:14","date_gmt":"2022-04-04T20:33:14","guid":{"rendered":"https:\/\/diarioregionaldigital.com.br\/?p=197143"},"modified":"2022-04-04T17:33:14","modified_gmt":"2022-04-04T20:33:14","slug":"governo-avanca-em-programa-estadual-de-regularizacao-fundiaria","status":"publish","type":"post","link":"https:\/\/diarioregionaldigital.com.br\/?p=197143","title":{"rendered":"Governo avan\u00e7a em Programa Estadual de Regulariza\u00e7\u00e3o Fundi\u00e1ria"},"content":{"rendered":"<p>O\u00a0<a href=\"https:\/\/www.mg.gov.br\/\" target=\"_blank\" rel=\"noopener\">Governo de Minas<\/a>, por meio da\u00a0<a href=\"http:\/\/www.agricultura.mg.gov.br\/\" target=\"_blank\" rel=\"noopener\">Secretaria de Estado de Agricultura, Pecu\u00e1ria e Abastecimento (Seapa)<\/a>, em parceria com as prefeituras municipais e a\u00a0<a href=\"https:\/\/www.emater.mg.gov.br\/\" target=\"_blank\" rel=\"noopener\">Empresa de Assist\u00eancia T\u00e9cnica e Extens\u00e3o Rural do Estado de Minas Gerais (Emater-MG)<\/a>, promove mais 12 audi\u00eancias p\u00fablicas do Programa Estadual de Regulariza\u00e7\u00e3o Fundi\u00e1ria durante o m\u00eas de abril. Os munic\u00edpios contemplados foram selecionados via edital de chamamento p\u00fablico, publicizados pelo site da Seapa.<\/p>\n<p>Desde 2019, o Governo do Estado j\u00e1 concedeu mais de 3,8 mil t\u00edtulos de terras devolutas rurais, pelo programa, a agricultores familiares que mantinham a posse dos im\u00f3veis, beneficiando cerca de 20 mil pessoas em 53 munic\u00edpios.<\/p>\n<p>Para isso, foi aplicado um valor superior a R$ 8 milh\u00f5es na pol\u00edtica p\u00fablica durante os tr\u00eas primeiros anos de gest\u00e3o. Os recursos s\u00e3o destinados a servi\u00e7os de georreferenciamento, \u00e0 realiza\u00e7\u00e3o das audi\u00eancias e outros custos operacionais. Terras devolutas s\u00e3o terrenos p\u00fablicos que nunca pertenceram a um particular, mesmo estando ocupadas por posseiros.<\/p>\n<p>Com o documento em m\u00e3os, \u00e9 possibilitado, aos produtores, a obten\u00e7\u00e3o de cr\u00e9dito rural, al\u00e9m do investimento em melhorias nas propriedades, como instala\u00e7\u00e3o de po\u00e7os e rede de energia el\u00e9trica, compra maquin\u00e1rios, sementes e animais geneticamente melhorados, resultando em incremento \u00e0 produ\u00e7\u00e3o. A regulariza\u00e7\u00e3o tamb\u00e9m permite o acesso a pol\u00edticas p\u00fablicas federais, estaduais e municipais voltadas para a agricultura familiar.<\/p>\n<p><strong>Integridade<\/p>\n<p><\/strong><\/p>\n<p>O Programa Estadual de Regulariza\u00e7\u00e3o Fundi\u00e1ria \u00e9 um compromisso da atual gest\u00e3o, com tratamento priorit\u00e1rio, e atende a uma demanda hist\u00f3rica. Todo o processo \u00e9 pautado pela transpar\u00eancia e integridade, documentado pelo Sistema Eletr\u00f4nico de Informa\u00e7\u00e3o (SEI) e amplamente publicizado no site da Seapa e no Di\u00e1rio Oficial do Estado. As audi\u00eancias p\u00fablicas, por sua vez, garantem o di\u00e1logo com prefeituras, \u00f3rg\u00e3os de controle, entidades, agricultores e sociedade civil como um todo.<\/p>\n<p>&#8220;Para que os benef\u00edcios cheguem aos agricultores, os gestores municipais devem inscrever os munic\u00edpios, via edital de chamamento p\u00fablico, e aderir ao acordo de coopera\u00e7\u00e3o t\u00e9cnica. Cada edital tem validade de dois anos. Para a sele\u00e7\u00e3o, s\u00e3o utilizados crit\u00e9rios objetivos como \u00cdndice de Desenvolvimento Humano, percentual da popula\u00e7\u00e3o rural, entre outros, observando a impessoalidade&#8221;, explica o superintendente de Regulariza\u00e7\u00e3o Fundi\u00e1ria da Secretaria, Pedro Garcia.<\/p>\n<p>Conhe\u00e7a a lista dos munic\u00edpios contemplados em abril e datas de realiza\u00e7\u00e3o das audi\u00eancias:<\/p>\n<p><strong>Bandeira<\/strong><\/p>\n<p><strong>Data<\/strong>: 6\/4\/2022<\/p>\n<p><strong>Itinga<\/strong><\/p>\n<p><strong>Data<\/strong>: 7\/4\/2022<\/p>\n<p><strong>Fel\u00edcio dos Santos<\/strong><\/p>\n<p><strong>Data<\/strong>: 12\/4\/2022<\/p>\n<p><strong>Santa Rita do Itueto<\/strong><\/p>\n<p><strong>Data<\/strong>: 12\/4\/2022<\/p>\n<p><strong>Indaiabira<\/strong><\/p>\n<p><strong>Data<\/strong>: 12\/4\/2022<\/p>\n<p><strong>S\u00e3o Geraldo da Piedade<\/strong><\/p>\n<p><strong>Data<\/strong>: 19\/4\/2022<\/p>\n<p><strong>Alvorada<\/strong><\/p>\n<p><strong>Data<\/strong>: 19\/4\/2022<\/p>\n<p><strong>Angel\u00e2ndia<\/strong><\/p>\n<p><strong>Data<\/strong>: 26\/4\/2022<\/p>\n<p><strong>Crist\u00e1lia<\/strong><\/p>\n<p><strong>Data<\/strong>: 27\/4\/2022<\/p>\n<p><strong>\u00c1gua Boa<\/strong><\/p>\n<p><strong>Data<\/strong>: 27\/4\/2022<\/p>\n<p><strong>Chapada do Norte<\/strong><\/p>\n<p><strong>Data<\/strong>: 28\/4\/2022<\/p>\n<p><strong>Padre Carvalho<\/strong><\/p>\n<p><strong>Data<\/strong>: 28\/4\/2022<\/p>\n<p>Fonte: Ag\u00eancia Minas<\/p>\n","protected":false},"excerpt":{"rendered":"<p>O\u00a0Governo de Minas, por meio da\u00a0Secretaria de Estado de Agricultura, Pecu\u00e1ria e Abastecimento (Seapa), em parceria com as prefeituras municipais e a\u00a0Empresa de Assist\u00eancia T\u00e9cnica e Extens\u00e3o Rural do Estado de Minas Gerais (Emater-MG), promove mais 12 audi\u00eancias p\u00fablicas do Programa Estadual de Regulariza\u00e7\u00e3o Fundi\u00e1ria durante o m\u00eas de abril. Os munic\u00edpios contemplados foram selecionados [&hellip;]<\/p>\n","protected":false},"author":246,"featured_media":197144,"comment_status":"closed","ping_status":"closed","sticky":false,"template":"","format":"standard","meta":{"footnotes":""},"categories":[436,254,439],"tags":[],"class_list":["post-197143","post","type-post","status-publish","format-standard","has-post-thumbnail","hentry","category-destaque-da-semana","category-politica","category-ultima-hora"],"_links":{"self":[{"href":"https:\/\/diarioregionaldigital.com.br\/index.php?rest_route=\/wp\/v2\/posts\/197143","targetHints":{"allow":["GET"]}}],"collection":[{"href":"https:\/\/diarioregionaldigital.com.br\/index.php?rest_route=\/wp\/v2\/posts"}],"about":[{"href":"https:\/\/diarioregionaldigital.com.br\/index.php?rest_route=\/wp\/v2\/types\/post"}],"author":[{"embeddable":true,"href":"https:\/\/diarioregionaldigital.com.br\/index.php?rest_route=\/wp\/v2\/users\/246"}],"replies":[{"embeddable":true,"href":"https:\/\/diarioregionaldigital.com.br\/index.php?rest_route=%2Fwp%2Fv2%2Fcomments&post=197143"}],"version-history":[{"count":1,"href":"https:\/\/diarioregionaldigital.com.br\/index.php?rest_route=\/wp\/v2\/posts\/197143\/revisions"}],"predecessor-version":[{"id":197145,"href":"https:\/\/diarioregionaldigital.com.br\/index.php?rest_route=\/wp\/v2\/posts\/197143\/revisions\/197145"}],"wp:featuredmedia":[{"embeddable":true,"href":"https:\/\/diarioregionaldigital.com.br\/index.php?rest_route=\/wp\/v2\/media\/197144"}],"wp:attachment":[{"href":"https:\/\/diarioregionaldigital.com.br\/index.php?rest_route=%2Fwp%2Fv2%2Fmedia&parent=197143"}],"wp:term":[{"taxonomy":"category","embeddable":true,"href":"https:\/\/diarioregionaldigital.com.br\/index.php?rest_route=%2Fwp%2Fv2%2Fcategories&post=197143"},{"taxonomy":"post_tag","embeddable":true,"href":"https:\/\/diarioregionaldigital.com.br\/index.php?rest_route=%2Fwp%2Fv2%2Ftags&post=197143"}],"curies":[{"name":"wp","href":"https:\/\/api.w.org\/{rel}","templated":true}]}}