{"id":197139,"date":"2022-04-04T17:31:31","date_gmt":"2022-04-04T20:31:31","guid":{"rendered":"https:\/\/diarioregionaldigital.com.br\/?p=197139"},"modified":"2022-04-04T17:31:31","modified_gmt":"2022-04-04T20:31:31","slug":"governador-visita-a-casa-da-mulher-mineira","status":"publish","type":"post","link":"https:\/\/diarioregionaldigital.com.br\/?p=197139","title":{"rendered":"Governador visita a Casa da Mulher Mineira"},"content":{"rendered":"<p>O governador Romeu Zema visitou, na tarde desta segunda-feira (4\/4), a Casa da Mulher Mineira, nova unidade policial para atender ocorr\u00eancias de demanda espont\u00e2nea das mulheres v\u00edtimas de viol\u00eancia dom\u00e9stica, familiar e sexual. A unidade, localizada em Belo Horizonte, foi inaugurada na semana passada pela\u00a0<a href=\"http:\/\/www.policiacivil.mg.gov.br\/\" target=\"_blank\" rel=\"noopener\">Pol\u00edcia Civil de Minas Gerais (PCMG)<\/a>\u00a0e tem como objetivo garantir um acolhimento humanizado e mais \u00e1gil, em local projetado especialmente para esta finalidade.<\/p>\n<p>A Casa da Mulher Mineira, localizada na Avenida Augusto de Lima, 1.845, no Barro Preto, em Belo Horizonte, est\u00e1 bem pr\u00f3ximo \u00e0 Delegacia Especializada em Atendimento \u00e0 Mulher, e foi totalmente reformada, equipada e decorada com recursos de emendas parlamentares, or\u00e7amento pr\u00f3prio e parcerias com institui\u00e7\u00f5es p\u00fablicas e privadas.<\/p>\n<p>\u201cMuitas v\u00edtimas sentem receio, medo ou at\u00e9 vergonha de procurar apoio. Tenho certeza de que este trabalho realizado aqui vai mudar a vida de muitas mulheres, dando a elas acolhimento e atendimento humanizado\u201d, afirmou o governador.<\/p>\n<p>A chefe do Departamento de Investiga\u00e7\u00e3o, Orienta\u00e7\u00e3o e Prote\u00e7\u00e3o \u00e0 Fam\u00edlia, delegada-geral Carolina Bechelany, apresentou os trabalhos realizados na unidade ao governador. \u201cInfelizmente o n\u00famero de casos de viol\u00eancia contra a mulher est\u00e1 crescendo muito. A Casa da Mulher Mineira \u00e9 um projeto que desenvolvemos h\u00e1 alguns anos e hoje tiramos do papel. A ideia \u00e9 criar este espa\u00e7o para receber estas v\u00edtimas de uma forma diferenciada, com acolhimento e atendimento especial, prestando os servi\u00e7os neste espa\u00e7o multidisciplinar\u201d, explicou.<\/p>\n<p>Tamb\u00e9m acompanharam a visita a delegada titular da Casa da Mulher Mineira, Karine Tassara, e a delegada da Delegacia Especializada de Prote\u00e7\u00e3o \u00e0 Crian\u00e7a e ao Adolescente (Depca), Renata Ribeiro.<\/p>\n<p><strong>O projeto<\/strong><\/p>\n<p>O espa\u00e7o possui 12 salas planejadas para proporcionar um atendimento eficiente. Na nova unidade, as mulheres v\u00edtimas de viol\u00eancia dom\u00e9stica e familiar poder\u00e3o solicitar medidas protetivas de urg\u00eancia e acompanhamento at\u00e9 a resid\u00eancia para retirada de seus pertences em seguran\u00e7a (roupas, documentos e medicamentos); receber a guia de exame de corpo de delito; realizar a representa\u00e7\u00e3o criminal para a devida responsabiliza\u00e7\u00e3o do agressor; receber encaminhamento para casas abrigo; servi\u00e7os de atendimento psicossocial e orienta\u00e7\u00e3o jur\u00eddica na Defensoria P\u00fablica, entre outros.<\/p>\n<p>Todos os servi\u00e7os ser\u00e3o realizados em ambiente adequado e com privacidade para uma escuta qualificada. As mulheres ser\u00e3o atendidas por uma equipe de policiais e servidores de diversas \u00e1reas de forma\u00e7\u00e3o, como psic\u00f3logos e assistentes sociais, treinados para orientar, encaminhar e acolher todas as demandas da mulher em situa\u00e7\u00e3o de viol\u00eancia.<\/p>\n<p>Durante a inaugura\u00e7\u00e3o, na \u00faltima semana, assinaram acordo de coopera\u00e7\u00e3o t\u00e9cnica PCMG, Estado de Minas Gerais, Secretaria Municipal de Seguran\u00e7a e Preven\u00e7\u00e3o de Belo Horizonte, Guarda Municipal de Belo Horizonte e Minist\u00e9rio P\u00fablico de Minas Gerais. O documento firma colabora\u00e7\u00e3o das partes para efetivar um acolhimento e direcionamento \u00e0 rede para as mulheres v\u00edtimas de viol\u00eancia dom\u00e9stica.<\/p>\n<p>Fonte: Ag\u00eancia Minas<\/p>\n","protected":false},"excerpt":{"rendered":"<p>O governador Romeu Zema visitou, na tarde desta segunda-feira (4\/4), a Casa da Mulher Mineira, nova unidade policial para atender ocorr\u00eancias de demanda espont\u00e2nea das mulheres v\u00edtimas de viol\u00eancia dom\u00e9stica, familiar e sexual. A unidade, localizada em Belo Horizonte, foi inaugurada na semana passada pela\u00a0Pol\u00edcia Civil de Minas Gerais (PCMG)\u00a0e tem como objetivo garantir um [&hellip;]<\/p>\n","protected":false},"author":246,"featured_media":197140,"comment_status":"closed","ping_status":"closed","sticky":false,"template":"","format":"gallery","meta":{"footnotes":""},"categories":[436,254,439],"tags":[],"class_list":["post-197139","post","type-post","status-publish","format-gallery","has-post-thumbnail","hentry","category-destaque-da-semana","category-politica","category-ultima-hora","post_format-post-format-gallery"],"_links":{"self":[{"href":"https:\/\/diarioregionaldigital.com.br\/index.php?rest_route=\/wp\/v2\/posts\/197139","targetHints":{"allow":["GET"]}}],"collection":[{"href":"https:\/\/diarioregionaldigital.com.br\/index.php?rest_route=\/wp\/v2\/posts"}],"about":[{"href":"https:\/\/diarioregionaldigital.com.br\/index.php?rest_route=\/wp\/v2\/types\/post"}],"author":[{"embeddable":true,"href":"https:\/\/diarioregionaldigital.com.br\/index.php?rest_route=\/wp\/v2\/users\/246"}],"replies":[{"embeddable":true,"href":"https:\/\/diarioregionaldigital.com.br\/index.php?rest_route=%2Fwp%2Fv2%2Fcomments&post=197139"}],"version-history":[{"count":2,"href":"https:\/\/diarioregionaldigital.com.br\/index.php?rest_route=\/wp\/v2\/posts\/197139\/revisions"}],"predecessor-version":[{"id":197142,"href":"https:\/\/diarioregionaldigital.com.br\/index.php?rest_route=\/wp\/v2\/posts\/197139\/revisions\/197142"}],"wp:featuredmedia":[{"embeddable":true,"href":"https:\/\/diarioregionaldigital.com.br\/index.php?rest_route=\/wp\/v2\/media\/197140"}],"wp:attachment":[{"href":"https:\/\/diarioregionaldigital.com.br\/index.php?rest_route=%2Fwp%2Fv2%2Fmedia&parent=197139"}],"wp:term":[{"taxonomy":"category","embeddable":true,"href":"https:\/\/diarioregionaldigital.com.br\/index.php?rest_route=%2Fwp%2Fv2%2Fcategories&post=197139"},{"taxonomy":"post_tag","embeddable":true,"href":"https:\/\/diarioregionaldigital.com.br\/index.php?rest_route=%2Fwp%2Fv2%2Ftags&post=197139"}],"curies":[{"name":"wp","href":"https:\/\/api.w.org\/{rel}","templated":true}]}}