{"id":197135,"date":"2022-04-04T17:29:48","date_gmt":"2022-04-04T20:29:48","guid":{"rendered":"https:\/\/diarioregionaldigital.com.br\/?p=197135"},"modified":"2022-04-04T17:29:48","modified_gmt":"2022-04-04T20:29:48","slug":"5a-semana-mineira-do-artesao-evidencia-potencialidades-no-estado-e-apresenta-balanco-positivo","status":"publish","type":"post","link":"https:\/\/diarioregionaldigital.com.br\/?p=197135","title":{"rendered":"5\u00aa Semana Mineira do Artes\u00e3o evidencia potencialidades no estado e apresenta balan\u00e7o positivo"},"content":{"rendered":"<p>A\u00a0<a href=\"http:\/\/www.desenvolvimento.mg.gov.br\/\" target=\"_blank\" rel=\"noopener\">Secretaria de Estado de Desenvolvimento Econ\u00f4mico (Sede)<\/a>\u00a0apresenta o balan\u00e7o da 5\u00aa Semana Mineira do Artes\u00e3o. Marcada pela diversidade de atividades, as a\u00e7\u00f5es evidenciaram as potencialidades do segmento em Minas Gerais, ao mesmo tempo que apontaram para o avan\u00e7o nas pol\u00edticas do\u00a0<a href=\"http:\/\/www.mg.gov.br\/\" target=\"_blank\" rel=\"noopener\">Governo do Estado<\/a>. Destaque, por exemplo, para capacita\u00e7\u00f5es, cadastramento e entrega da Carteira Nacional do Artes\u00e3o, iniciativas que foram descentralizadas de Belo Horizonte e regi\u00e3o, chegando a munic\u00edpios como Arinos, no Noroeste de Minas, e tamb\u00e9m em Brumal, distrito de Santa B\u00e1rbara, no Colar Metropolitano.<\/p>\n<p>\u201cA programa\u00e7\u00e3o incentivou e promoveu a\u00e7\u00f5es que fortalecem esse importante of\u00edcio na vida dos mineiros. Al\u00e9m disso, o evento cumpriu o prop\u00f3sito de valorizar ainda mais o nosso produto, qualificando os artistas mineiros e criando mais oportunidades de vendas\u201d, destaca\u00a0o subsecret\u00e1rio de Desenvolvimento Regional da Sede, Douglas Cabido.<\/p>\n<p>Promovida pela Sede, juntamente com o Sebrae Minas, a Semana Mineira do Artes\u00e3o foi realizada de 21 a 25\/3.<\/p>\n<p>\u201cA 5\u00aa semana mineira do artes\u00e3o teve o objetivo de homenagear e capacitar os artes\u00e3os de Minas Gerais, em virtude do Dia do Artes\u00e3o. A programa\u00e7\u00e3o foi marcada por capacita\u00e7\u00f5es, encontros on-line e presenciais em v\u00e1rias cidades do estado e deu a oportunidade para que muitos artes\u00e3os pudessem se profissionalizar e aprimorar seus conhecimentos\u201d, resume\u00a0a analista do Sebrae Minas, Amanda Guedes.<\/p>\n<p><strong>Supera\u00e7\u00e3o da meta<\/strong><\/p>\n<p>Entre as iniciativas que merecem destaque, vale citar o mutir\u00e3o para o cadastramento da Carteira Nacional do Artes\u00e3o, em Brumal, Santa B\u00e1rbara, e o evento de entrega desse documento, em Arinos. Com expectativa de emitir 40 carteiras, a mobiliza\u00e7\u00e3o da Sede-MG e Sebrae resultou na expedi\u00e7\u00e3o de aproximadamente 70 documentos, superando a meta inicial em 75%.<\/p>\n<p>Para o diretor de Artesanato da Sede-MG, Thiago Tomaz, a Carteira Nacional do Artes\u00e3o \u00e9 uma importante ferramenta de identifica\u00e7\u00e3o do artes\u00e3o brasileiro, sendo regida pela portaria 1007, de junho de 2018.<\/p>\n<p>\u201cA Carteira Nacional do Artes\u00e3o \u00e9 de reconhecimento em \u00e2mbito nacional, sendo a gest\u00e3o e a inspe\u00e7\u00e3o desse documento em Minas Gerais realizadas pela Secretaria de Desenvolvimento Econ\u00f4mico. Para as a\u00e7\u00f5es de pol\u00edticas p\u00fablicas, seja dentro de Minas Gerais ou em qualquer unidade da federa\u00e7\u00e3o do Brasil, h\u00e1 a necessidade de ter a carteira para que o artes\u00e3o possa participar de feiras, editais de chamamento p\u00fablico, cursos de participa\u00e7\u00e3o e qualifica\u00e7\u00e3o e at\u00e9 de a\u00e7\u00f5es de fomento\u201d, explica o diretor.<\/p>\n<p>Para a presidente da Associa\u00e7\u00e3o das Tecel\u00e3s de Brumal, Dilce Mendes, ao certificar-se como artes\u00e3o, a pessoa declara para o mundo que det\u00e9m habilidades e compet\u00eancias peculiares que lhe permitem transformar insumos em produtos, por meio de t\u00e9cnicas artesanais individuais, ou mistas, com identidade local e que expressa cren\u00e7as, valores e vis\u00e3o de mundo.<\/p>\n<p>\u201cReunir 50 artes\u00e3os da comunidade e entorno, na Casa das Tecel\u00e3s de Brumal, foi um evento hist\u00f3rico e significativo para a institui\u00e7\u00e3o. Isso tamb\u00e9m demonstra que a voca\u00e7\u00e3o do distrito para as artes manuais \u00e9 real, fomentado o turismo na regi\u00e3o, uma vez que o turista ter\u00e1 muitas op\u00e7\u00f5es de produtos artesanais de qualidade para levar para si ou presentear amigos e familiares\u201d, afirma\u00a0Dilce.<\/p>\n<p><strong>Encontro Grande Sert\u00e3o Veredas<\/strong><\/p>\n<p>A programa\u00e7\u00e3o tamb\u00e9m contemplou o Encontro Regional de Artesanato Grande Sert\u00e3o Veredas, no audit\u00f3rio do IFNM, em 23\/3, no munic\u00edpio de Arinos. Na regi\u00e3o imortalizada na obra do escritor Guimar\u00e3es Rosa, h\u00e1 uma rede de produ\u00e7\u00e3o de tingimento, fia\u00e7\u00e3o e tecelagem, a Central Veredas, que re\u00fane v\u00e1rios artes\u00e3os de Riachinho, Uruana de Minas, Sagarana (distrito de Arinos), Natal\u00e2ndia e Bonfin\u00f3polis de Minas.<\/p>\n<p>\u201cA experi\u00eancia que tive na 5\u00aa edi\u00e7\u00e3o da Semana do Artes\u00e3o, participando da oficina de pintura de agulha com as professoras Maria De Lourdes e Alice, foi bem gratificante porque agora pretendo levar essa nova t\u00e9cnica para as minhas roupinhas de boneca. Quero agradecer a todos da Diretoria de Artesanato pela oportunidade e torcer para que venham outras oficinas e cursos para poder agregar e nos capacitar\u201d, diz\u00a0a artes\u00e3 de Juatuba, Jaqueline Vieira.<\/p>\n<p><span style=\"font-weight: 400;\">Fonte: Ag\u00eancia Minas <\/span><\/p>\n","protected":false},"excerpt":{"rendered":"<p>A\u00a0Secretaria de Estado de Desenvolvimento Econ\u00f4mico (Sede)\u00a0apresenta o balan\u00e7o da 5\u00aa Semana Mineira do Artes\u00e3o. Marcada pela diversidade de atividades, as a\u00e7\u00f5es evidenciaram as potencialidades do segmento em Minas Gerais, ao mesmo tempo que apontaram para o avan\u00e7o nas pol\u00edticas do\u00a0Governo do Estado. Destaque, por exemplo, para capacita\u00e7\u00f5es, cadastramento e entrega da Carteira Nacional do [&hellip;]<\/p>\n","protected":false},"author":246,"featured_media":197136,"comment_status":"closed","ping_status":"closed","sticky":false,"template":"","format":"standard","meta":{"footnotes":""},"categories":[436,254,439],"tags":[],"class_list":["post-197135","post","type-post","status-publish","format-standard","has-post-thumbnail","hentry","category-destaque-da-semana","category-politica","category-ultima-hora"],"_links":{"self":[{"href":"https:\/\/diarioregionaldigital.com.br\/index.php?rest_route=\/wp\/v2\/posts\/197135","targetHints":{"allow":["GET"]}}],"collection":[{"href":"https:\/\/diarioregionaldigital.com.br\/index.php?rest_route=\/wp\/v2\/posts"}],"about":[{"href":"https:\/\/diarioregionaldigital.com.br\/index.php?rest_route=\/wp\/v2\/types\/post"}],"author":[{"embeddable":true,"href":"https:\/\/diarioregionaldigital.com.br\/index.php?rest_route=\/wp\/v2\/users\/246"}],"replies":[{"embeddable":true,"href":"https:\/\/diarioregionaldigital.com.br\/index.php?rest_route=%2Fwp%2Fv2%2Fcomments&post=197135"}],"version-history":[{"count":2,"href":"https:\/\/diarioregionaldigital.com.br\/index.php?rest_route=\/wp\/v2\/posts\/197135\/revisions"}],"predecessor-version":[{"id":197138,"href":"https:\/\/diarioregionaldigital.com.br\/index.php?rest_route=\/wp\/v2\/posts\/197135\/revisions\/197138"}],"wp:featuredmedia":[{"embeddable":true,"href":"https:\/\/diarioregionaldigital.com.br\/index.php?rest_route=\/wp\/v2\/media\/197136"}],"wp:attachment":[{"href":"https:\/\/diarioregionaldigital.com.br\/index.php?rest_route=%2Fwp%2Fv2%2Fmedia&parent=197135"}],"wp:term":[{"taxonomy":"category","embeddable":true,"href":"https:\/\/diarioregionaldigital.com.br\/index.php?rest_route=%2Fwp%2Fv2%2Fcategories&post=197135"},{"taxonomy":"post_tag","embeddable":true,"href":"https:\/\/diarioregionaldigital.com.br\/index.php?rest_route=%2Fwp%2Fv2%2Ftags&post=197135"}],"curies":[{"name":"wp","href":"https:\/\/api.w.org\/{rel}","templated":true}]}}