{"id":197121,"date":"2022-04-04T17:18:53","date_gmt":"2022-04-04T20:18:53","guid":{"rendered":"https:\/\/diarioregionaldigital.com.br\/?p=197121"},"modified":"2022-04-04T17:18:53","modified_gmt":"2022-04-04T20:18:53","slug":"caixa-anuncia-medidas-de-apoio-aos-atingidos-pelas-chuvas-no-rio","status":"publish","type":"post","link":"https:\/\/diarioregionaldigital.com.br\/?p=197121","title":{"rendered":"Caixa anuncia medidas de apoio aos atingidos pelas chuvas no Rio"},"content":{"rendered":"<p>A Caixa Econ\u00f4mica Federal anunciou hoje (4) medidas de apoio aos munic\u00edpios de Angra dos Reis, Belford Roxo, Mangaratiba, Mesquita, Paraty e Nova Igua\u00e7u, no estado do Rio de Janeiro, atingidos pelas fortes chuvas dos \u00faltimos dias. A partir de hoje, todas as ag\u00eancias dos munic\u00edpios afetados passam a abrir \u00e0s 9h, uma hora mais cedo, para atender a popula\u00e7\u00e3o.<img decoding=\"async\" src=\"https:\/\/agenciabrasil.ebc.com.br\/ebc.png?id=1452237&amp;o=node\" \/><img decoding=\"async\" src=\"https:\/\/agenciabrasil.ebc.com.br\/ebc.gif?id=1452237&amp;o=node\" \/><\/p>\n<p>A Caixa informou que vai liberar o saque do FGTS por calamidade nas regi\u00f5es atingidas pelas enchentes. Os valores ser\u00e3o disponibilizados para saque ap\u00f3s decretos municipais declarando o estado de calamidade e reconhecimento do Minist\u00e9rio do Desenvolvimento Regional, por meio de portaria ministerial.<\/p>\n<p>O banco tamb\u00e9m ir\u00e1 auxiliar as autoridades locais no intuito de agilizar a delimita\u00e7\u00e3o das \u00e1reas afetadas pela calamidade. Ap\u00f3s esta defini\u00e7\u00e3o os trabalhadores que tiveram suas resid\u00eancias atingidas poder\u00e3o realizar o saque do FGTS de forma digital, sem necessidade de ir a uma ag\u00eancia, por meio do aplicativo FGTS, na op\u00e7\u00e3o saque digital. A solicita\u00e7\u00e3o ser\u00e1 realizada pelo aplicativo FGTS, op\u00e7\u00e3o Meus Saques, no celular, sem necessidade de comparecer a uma ag\u00eancia.<\/p>\n<p>Ao registrar a solicita\u00e7\u00e3o, \u00e9 poss\u00edvel identificar uma conta da Caixa, ou de outra institui\u00e7\u00e3o financeira, para receber os valores, sem nenhum custo. O valor m\u00e1ximo para retirada \u00e9 de R$ 6.220.<\/p>\n<p>Segundo o banco, o caminh\u00e3o-ag\u00eancia da Caixa est\u00e1 em deslocamento para Angra dos Reis, com chegada prevista para quarta-feira (6). A unidade m\u00f3vel de atendimento funcionar\u00e1 das 8h \u00e0s 16h, em endere\u00e7o a ser divulgado, prestando servi\u00e7os essenciais \u00e0 popula\u00e7\u00e3o.<\/p>\n<p>O caminh\u00e3o oferece os mesmos servi\u00e7os de uma ag\u00eancia, tais como: atendimento aos benefici\u00e1rios do Aux\u00edlio Brasil, do governo federal; atendimento aos benefici\u00e1rios do Abono Salarial; pagamento do FGTS; concess\u00e3o de cr\u00e9dito; aux\u00edlio na utiliza\u00e7\u00e3o de aplicativos do banco, como Caixa Tem e app do FGTS, desbloqueio de cart\u00e3o e senha de contas, dentre outros. A movimenta\u00e7\u00e3o de dinheiro em esp\u00e9cie estar\u00e1 dispon\u00edvel por meio de caixa eletr\u00f4nico instalado na unidade.<\/p>\n<p>A Caixa vai possibilitar pausa de at\u00e9 90 dias nos contratos de financiamento habitacional nas regi\u00f5es atingidas, mediante solicita\u00e7\u00e3o nas ag\u00eancias do banco, a incorpora\u00e7\u00e3o das presta\u00e7\u00f5es no saldo devedor dos clientes inadimplentes das regi\u00f5es atingidas, mediante solicita\u00e7\u00e3o nas ag\u00eancias do banco e tamb\u00e9m dar\u00e1 suporte aos clientes para acionamento de seguro habitacional e procedimentos para pagamento de indeniza\u00e7\u00f5es, de forma imediata.<\/p>\n<p>O banco tamb\u00e9m informou que vai disponibilizar equipe t\u00e9cnica, com arquitetos e engenheiros, para a\u00e7\u00f5es de assist\u00eancia em apoio aos munic\u00edpios, que incluem a operacionaliza\u00e7\u00e3o de repasses de recursos. A institui\u00e7\u00e3o disse que enviou aos munic\u00edpios equipes de especialistas nas \u00e1reas de habita\u00e7\u00e3o, governo e FGTS para atender a popula\u00e7\u00e3o e prestar apoio t\u00e9cnico \u00e0s prefeituras, auxiliando em provid\u00eancias urgentes.<\/p>\n<p>\u201cAs prefeituras ter\u00e3o o apoio t\u00e9cnico da Caixa para levantamento dos danos e estimativa de custos para a recupera\u00e7\u00e3o de obras em andamento ou edifica\u00e7\u00f5es atingidas, como pontes, vias de acesso, abastecimento de \u00e1gua, postos de sa\u00fade e escolas, dentre outras de grande impacto para a popula\u00e7\u00e3o\u201d, disse o banco.<\/p>\n<p>A Caixa ainda realizar\u00e1 pausa no financiamento para hospitais das regi\u00f5es afetadas, mediante solicita\u00e7\u00e3o.<\/p>\n<h2>Usinas<\/h2>\n<p>O Gabinete de Seguran\u00e7a Institucional da Presid\u00eancia da Rep\u00fablica (GSI\/PR), divulgou nota em que afirma que est\u00e1 acompanh<span role=\"presentation\">ando a situa\u00e7\u00e3o das chuvas na regi\u00e3o de Angra dos Reis<\/span><span role=\"presentation\">&#8211;<\/span><span role=\"presentation\">RJ, onde est\u00e1 localizada\u00a0<\/span><span role=\"presentation\">a Central Nuclear Almirante \u00c1lvaro Alberto (CNAAA). Segundo o comunicado, at\u00e9 o presente mo<\/span><span role=\"presentation\">mento, os danos causados pelas fortes chuvas registradas nos \u00faltimos<\/span>\u00a0dias n\u00e3o impedem a execu\u00e7\u00e3o das a\u00e7\u00f5es previstas no Plano de Emerg\u00eancia Externo (PEE) para a CNAAA.<\/p>\n<p>No domingo (3), a Eletronuclear, subsidi\u00e1ria da Eletrobras,\u00a0<a href=\"https:\/\/agenciabrasil.ebc.com.br\/geral\/noticia\/2022-04\/chuvas-nao-comprometem-operacao-de-usinas-em-angra-diz-eletronuclear\">disse que mant\u00e9m as opera\u00e7\u00f5es nas usinas de Angra 1 e 2 normalmente<\/a>\u00a0ap\u00f3s as fortes chuvas.<\/p>\n<p>Fonte: Ag\u00eancia Brasil<\/p>\n","protected":false},"excerpt":{"rendered":"<p>A Caixa Econ\u00f4mica Federal anunciou hoje (4) medidas de apoio aos munic\u00edpios de Angra dos Reis, Belford Roxo, Mangaratiba, Mesquita, Paraty e Nova Igua\u00e7u, no estado do Rio de Janeiro, atingidos pelas fortes chuvas dos \u00faltimos dias. A partir de hoje, todas as ag\u00eancias dos munic\u00edpios afetados passam a abrir \u00e0s 9h, uma hora mais [&hellip;]<\/p>\n","protected":false},"author":246,"featured_media":197122,"comment_status":"closed","ping_status":"closed","sticky":false,"template":"","format":"standard","meta":{"footnotes":""},"categories":[436,261,439],"tags":[],"class_list":["post-197121","post","type-post","status-publish","format-standard","has-post-thumbnail","hentry","category-destaque-da-semana","category-economia","category-ultima-hora"],"_links":{"self":[{"href":"https:\/\/diarioregionaldigital.com.br\/index.php?rest_route=\/wp\/v2\/posts\/197121","targetHints":{"allow":["GET"]}}],"collection":[{"href":"https:\/\/diarioregionaldigital.com.br\/index.php?rest_route=\/wp\/v2\/posts"}],"about":[{"href":"https:\/\/diarioregionaldigital.com.br\/index.php?rest_route=\/wp\/v2\/types\/post"}],"author":[{"embeddable":true,"href":"https:\/\/diarioregionaldigital.com.br\/index.php?rest_route=\/wp\/v2\/users\/246"}],"replies":[{"embeddable":true,"href":"https:\/\/diarioregionaldigital.com.br\/index.php?rest_route=%2Fwp%2Fv2%2Fcomments&post=197121"}],"version-history":[{"count":2,"href":"https:\/\/diarioregionaldigital.com.br\/index.php?rest_route=\/wp\/v2\/posts\/197121\/revisions"}],"predecessor-version":[{"id":197124,"href":"https:\/\/diarioregionaldigital.com.br\/index.php?rest_route=\/wp\/v2\/posts\/197121\/revisions\/197124"}],"wp:featuredmedia":[{"embeddable":true,"href":"https:\/\/diarioregionaldigital.com.br\/index.php?rest_route=\/wp\/v2\/media\/197122"}],"wp:attachment":[{"href":"https:\/\/diarioregionaldigital.com.br\/index.php?rest_route=%2Fwp%2Fv2%2Fmedia&parent=197121"}],"wp:term":[{"taxonomy":"category","embeddable":true,"href":"https:\/\/diarioregionaldigital.com.br\/index.php?rest_route=%2Fwp%2Fv2%2Fcategories&post=197121"},{"taxonomy":"post_tag","embeddable":true,"href":"https:\/\/diarioregionaldigital.com.br\/index.php?rest_route=%2Fwp%2Fv2%2Ftags&post=197121"}],"curies":[{"name":"wp","href":"https:\/\/api.w.org\/{rel}","templated":true}]}}