{"id":197118,"date":"2022-04-04T17:16:58","date_gmt":"2022-04-04T20:16:58","guid":{"rendered":"https:\/\/diarioregionaldigital.com.br\/?p=197118"},"modified":"2022-04-04T17:16:58","modified_gmt":"2022-04-04T20:16:58","slug":"petrobras-encerra-marco-com-nivel-de-utilizacao-das-refinarias-em-91","status":"publish","type":"post","link":"https:\/\/diarioregionaldigital.com.br\/?p=197118","title":{"rendered":"Petrobras encerra mar\u00e7o com n\u00edvel de utiliza\u00e7\u00e3o das refinarias em 91%"},"content":{"rendered":"<p>A Petrobras informou\u00a0hoje\u00a0(4) que alcan\u00e7ou 91% de fator de utiliza\u00e7\u00e3o total do parque de refino na \u00faltima semana\u00a0de mar\u00e7o de 2022. A m\u00e9dia do fator de utiliza\u00e7\u00e3o considerando todo o m\u00eas foi de 89%.<img decoding=\"async\" src=\"https:\/\/agenciabrasil.ebc.com.br\/ebc.png?id=1452205&amp;o=node\" \/><img decoding=\"async\" src=\"https:\/\/agenciabrasil.ebc.com.br\/ebc.gif?id=1452205&amp;o=node\" \/><\/p>\n<p>Segundo a companhia, em 2021, o n\u00edvel m\u00e9dio de utiliza\u00e7\u00e3o das refinarias da Petrobras foi de 83%, maior \u00edndice dos \u00faltimos 5 anos.<\/p>\n<p>\u201cO fator de utiliza\u00e7\u00e3o total do refino considera o volume de carga de petr\u00f3leo efetivamente processado e a carga de refer\u00eancia das refinarias, ou seja, a capacidade m\u00e1xima de operar, respeitando os limites de projeto dos equipamentos, os requisitos de seguran\u00e7a,\u00a0de meio ambiente e de qualidade dos derivados produzidos, al\u00e9m da racionalidade econ\u00f4mica das decis\u00f5es de produ\u00e7\u00e3o, com foco em gera\u00e7\u00e3o de valor\u201d, informou a empresa.<\/p>\n<p>\u201cA defini\u00e7\u00e3o do n\u00edvel de utiliza\u00e7\u00e3o \u00e9 uma decis\u00e3o t\u00e9cnica e econ\u00f4mica, que leva em conta a demanda dos clientes da Petrobras, as alternativas globais de suprimento e pre\u00e7os de petr\u00f3leo e derivados, diferentes configura\u00e7\u00f5es e limites de opera\u00e7\u00e3o e a necessidade de paradas de manuten\u00e7\u00e3o das unidades de refino, entre outros fatores.\u00a0A Petrobras est\u00e1 produzindo o m\u00e1ximo poss\u00edvel dentro de condi\u00e7\u00f5es seguras, sustent\u00e1veis e econ\u00f4micas\u201d, disse, em nota, o diretor de Refino e G\u00e1s Natural da Petrobras, Rodrigo Costa.<\/p>\n<p>A Petrobras informou ainda que ir\u00e1 realizar investimentos de US$ 6,1 bilh\u00f5es em refino nos pr\u00f3ximos cinco anos, para expandir a capacidade de refino, a gera\u00e7\u00e3o de produtos de maior qualidade e posicionar suas refinarias entre as melhores do mundo em efici\u00eancia e desempenho operacional.<\/p>\n<p>Fonte: Ag\u00eancia Brasil<\/p>\n","protected":false},"excerpt":{"rendered":"<p>A Petrobras informou\u00a0hoje\u00a0(4) que alcan\u00e7ou 91% de fator de utiliza\u00e7\u00e3o total do parque de refino na \u00faltima semana\u00a0de mar\u00e7o de 2022. A m\u00e9dia do fator de utiliza\u00e7\u00e3o considerando todo o m\u00eas foi de 89%. Segundo a companhia, em 2021, o n\u00edvel m\u00e9dio de utiliza\u00e7\u00e3o das refinarias da Petrobras foi de 83%, maior \u00edndice dos \u00faltimos [&hellip;]<\/p>\n","protected":false},"author":246,"featured_media":197119,"comment_status":"closed","ping_status":"closed","sticky":false,"template":"","format":"standard","meta":{"footnotes":""},"categories":[436,440,261,439],"tags":[],"class_list":["post-197118","post","type-post","status-publish","format-standard","has-post-thumbnail","hentry","category-destaque-da-semana","category-destaques-do-dia","category-economia","category-ultima-hora"],"_links":{"self":[{"href":"https:\/\/diarioregionaldigital.com.br\/index.php?rest_route=\/wp\/v2\/posts\/197118","targetHints":{"allow":["GET"]}}],"collection":[{"href":"https:\/\/diarioregionaldigital.com.br\/index.php?rest_route=\/wp\/v2\/posts"}],"about":[{"href":"https:\/\/diarioregionaldigital.com.br\/index.php?rest_route=\/wp\/v2\/types\/post"}],"author":[{"embeddable":true,"href":"https:\/\/diarioregionaldigital.com.br\/index.php?rest_route=\/wp\/v2\/users\/246"}],"replies":[{"embeddable":true,"href":"https:\/\/diarioregionaldigital.com.br\/index.php?rest_route=%2Fwp%2Fv2%2Fcomments&post=197118"}],"version-history":[{"count":1,"href":"https:\/\/diarioregionaldigital.com.br\/index.php?rest_route=\/wp\/v2\/posts\/197118\/revisions"}],"predecessor-version":[{"id":197120,"href":"https:\/\/diarioregionaldigital.com.br\/index.php?rest_route=\/wp\/v2\/posts\/197118\/revisions\/197120"}],"wp:featuredmedia":[{"embeddable":true,"href":"https:\/\/diarioregionaldigital.com.br\/index.php?rest_route=\/wp\/v2\/media\/197119"}],"wp:attachment":[{"href":"https:\/\/diarioregionaldigital.com.br\/index.php?rest_route=%2Fwp%2Fv2%2Fmedia&parent=197118"}],"wp:term":[{"taxonomy":"category","embeddable":true,"href":"https:\/\/diarioregionaldigital.com.br\/index.php?rest_route=%2Fwp%2Fv2%2Fcategories&post=197118"},{"taxonomy":"post_tag","embeddable":true,"href":"https:\/\/diarioregionaldigital.com.br\/index.php?rest_route=%2Fwp%2Fv2%2Ftags&post=197118"}],"curies":[{"name":"wp","href":"https:\/\/api.w.org\/{rel}","templated":true}]}}