{"id":197115,"date":"2022-04-04T10:39:53","date_gmt":"2022-04-04T13:39:53","guid":{"rendered":"https:\/\/diarioregionaldigital.com.br\/?p=197115"},"modified":"2022-04-04T10:39:53","modified_gmt":"2022-04-04T13:39:53","slug":"policia-militar-atende-vitima-de-roubo-consumado-no-cascatinha","status":"publish","type":"post","link":"https:\/\/diarioregionaldigital.com.br\/?p=197115","title":{"rendered":"Pol\u00edcia Militar atende v\u00edtima de roubo consumado no Cascatinha"},"content":{"rendered":"<p>No dia 03abr22 por volta das 20h37min, na Av. Presidente Itamar Franco, a v\u00edtima, uma mulher de 29 anos, relatou que transitava pelo local do fato quando foi abordada pelo autor estava de posse de uma faca e anunciou o assalto, agarrando a v\u00edtima pelo bra\u00e7o e subtraiu um aparelho celular. Realizado rastreamento, por\u00e9m sem \u00eaxito.<\/p>\n","protected":false},"excerpt":{"rendered":"<p>No dia 03abr22 por volta das 20h37min, na Av. Presidente Itamar Franco, a v\u00edtima, uma mulher de 29 anos, relatou que transitava pelo local do fato quando foi abordada pelo autor estava de posse de uma faca e anunciou o assalto, agarrando a v\u00edtima pelo bra\u00e7o e subtraiu um aparelho celular. Realizado rastreamento, por\u00e9m sem [&hellip;]<\/p>\n","protected":false},"author":246,"featured_media":197116,"comment_status":"closed","ping_status":"closed","sticky":false,"template":"","format":"standard","meta":{"footnotes":""},"categories":[301,436,439],"tags":[],"class_list":["post-197115","post","type-post","status-publish","format-standard","has-post-thumbnail","hentry","category-artigos-policiais","category-destaque-da-semana","category-ultima-hora"],"_links":{"self":[{"href":"https:\/\/diarioregionaldigital.com.br\/index.php?rest_route=\/wp\/v2\/posts\/197115","targetHints":{"allow":["GET"]}}],"collection":[{"href":"https:\/\/diarioregionaldigital.com.br\/index.php?rest_route=\/wp\/v2\/posts"}],"about":[{"href":"https:\/\/diarioregionaldigital.com.br\/index.php?rest_route=\/wp\/v2\/types\/post"}],"author":[{"embeddable":true,"href":"https:\/\/diarioregionaldigital.com.br\/index.php?rest_route=\/wp\/v2\/users\/246"}],"replies":[{"embeddable":true,"href":"https:\/\/diarioregionaldigital.com.br\/index.php?rest_route=%2Fwp%2Fv2%2Fcomments&post=197115"}],"version-history":[{"count":1,"href":"https:\/\/diarioregionaldigital.com.br\/index.php?rest_route=\/wp\/v2\/posts\/197115\/revisions"}],"predecessor-version":[{"id":197117,"href":"https:\/\/diarioregionaldigital.com.br\/index.php?rest_route=\/wp\/v2\/posts\/197115\/revisions\/197117"}],"wp:featuredmedia":[{"embeddable":true,"href":"https:\/\/diarioregionaldigital.com.br\/index.php?rest_route=\/wp\/v2\/media\/197116"}],"wp:attachment":[{"href":"https:\/\/diarioregionaldigital.com.br\/index.php?rest_route=%2Fwp%2Fv2%2Fmedia&parent=197115"}],"wp:term":[{"taxonomy":"category","embeddable":true,"href":"https:\/\/diarioregionaldigital.com.br\/index.php?rest_route=%2Fwp%2Fv2%2Fcategories&post=197115"},{"taxonomy":"post_tag","embeddable":true,"href":"https:\/\/diarioregionaldigital.com.br\/index.php?rest_route=%2Fwp%2Fv2%2Ftags&post=197115"}],"curies":[{"name":"wp","href":"https:\/\/api.w.org\/{rel}","templated":true}]}}