{"id":197111,"date":"2022-04-03T06:00:18","date_gmt":"2022-04-03T09:00:18","guid":{"rendered":"https:\/\/diarioregionaldigital.com.br\/?p=197111"},"modified":"2022-04-01T23:30:35","modified_gmt":"2022-04-02T02:30:35","slug":"tributo-a-fernanda-montenegro","status":"publish","type":"post","link":"https:\/\/diarioregionaldigital.com.br\/?p=197111","title":{"rendered":"Tributo a Fernanda Montenegro"},"content":{"rendered":"<p>Nos meus 35 anos de Academia Brasileira de Letras, tive o privil\u00e9gio de comparecer \u00e0 posse de mais de 30 imortais. Nenhuma cerim\u00f4nia teve mais gente do que na homenagem \u00e0 atriz Fernanda Montenegro. Ela falou lindamente por mais de 40 minutos e foi saudada por N\u00e9lida Pi\u00f1on, representada por Fernanda Torres, filha da consagrada atriz. Recebeu merecido tributo.<\/p>\n<p>Foi uma noite de rever\u00eancia ao teatro. Muitos nomes foram lembrados com todo respeito, como\u00a0 \u00cdtalo Rossi, Paulo Autran, Bibi Ferreira, Dulcina de Moraes e S\u00e9rgio Brito, al\u00e9m das homenagead\u00edssimas\u00a0 Cacilda Becker e T\u00f4nia Carrero. Todos com muitos \u00a0m\u00e9ritos.<\/p>\n<p>Conhe\u00e7o Fernanda Montenegro h\u00e1 bastante tempo. Pelo menos desde a d\u00e9cada de 50, quando nos encontramos numa reuni\u00e3o de pais e mestres no Instituto Souza Le\u00e3o, do qual eu era o diretor. A filha Fernanda Torres fazia o ginasial e a m\u00e3e, sempre sol\u00edcita, prestigiava os seus passos escolares. Desde ent\u00e3o, n\u00e3o nos perdemos de vista, para alegria minha.<\/p>\n<p>Ela foi uma boa amiga do escritor Nelson Rodrigues, com quem eu trabalhei desde os tempos da \u201cUltima Hora\u201d. Fernanda tem por ele, al\u00e9m de uma s\u00f3lida amizade, uma imensa admira\u00e7\u00e3o. J\u00e1 interpretou v\u00e1rias das suas obras, como \u201cO asfalto selvagem\u201d, e promete repetir os espet\u00e1culos, j\u00e1 como imortal, no Teatro R. Magalh\u00e3es Jr., que tive a honra de batizar quando fui presidente da ABL(per\u00edodo 98-99).<\/p>\n<p>Voltando \u00e0 posse na ABL, Fernanda disse que a vida \u00e9 um palco, relembrando um conceito de Shakespeare. N\u00e3o deixou de criticar o atual est\u00e1gio da cultura brasileira: \u201cResistimos, pois somos eternos.\u201d E recebeu o elogio da primeira-secret\u00e1ria N\u00e9lida Pi\u00f1on: \u201cFernanda tem o tamanho do Brasil.\u201d Est\u00e1 com 92 anos de idade e a vitalidade de uma jovem int\u00e9rprete.<\/p>\n<p>Para o acad\u00eamico In\u00e1cio de Loyola Brand\u00e3o, n\u00e3o h\u00e1 ningu\u00e9m maior do que ela, no campo da arte e da literatura. Admir\u00e1vel. Esse conceito foi repetido pelo imortal Dom\u00edcio Proen\u00e7a Filho e outros acad\u00eamicos que se pronunciaram ap\u00f3s o memor\u00e1vel discurso da nova participante da Casa de Machado de Assis. Fernanda, na sua ora\u00e7\u00e3o, prestou homenagem ao marido, o ator Fernando Torres.<\/p>\n","protected":false},"excerpt":{"rendered":"<p>Nos meus 35 anos de Academia Brasileira de Letras, tive o privil\u00e9gio de comparecer \u00e0 posse de mais de 30 imortais. Nenhuma cerim\u00f4nia teve mais gente do que na homenagem \u00e0 atriz Fernanda Montenegro. Ela falou lindamente por mais de 40 minutos e foi saudada por N\u00e9lida Pi\u00f1on, representada por Fernanda Torres, filha da consagrada [&hellip;]<\/p>\n","protected":false},"author":96,"featured_media":0,"comment_status":"closed","ping_status":"closed","sticky":false,"template":"","format":"standard","meta":{"footnotes":""},"categories":[275],"tags":[],"class_list":["post-197111","post","type-post","status-publish","format-standard","hentry","category-arnaldo-niskier"],"_links":{"self":[{"href":"https:\/\/diarioregionaldigital.com.br\/index.php?rest_route=\/wp\/v2\/posts\/197111","targetHints":{"allow":["GET"]}}],"collection":[{"href":"https:\/\/diarioregionaldigital.com.br\/index.php?rest_route=\/wp\/v2\/posts"}],"about":[{"href":"https:\/\/diarioregionaldigital.com.br\/index.php?rest_route=\/wp\/v2\/types\/post"}],"author":[{"embeddable":true,"href":"https:\/\/diarioregionaldigital.com.br\/index.php?rest_route=\/wp\/v2\/users\/96"}],"replies":[{"embeddable":true,"href":"https:\/\/diarioregionaldigital.com.br\/index.php?rest_route=%2Fwp%2Fv2%2Fcomments&post=197111"}],"version-history":[{"count":1,"href":"https:\/\/diarioregionaldigital.com.br\/index.php?rest_route=\/wp\/v2\/posts\/197111\/revisions"}],"predecessor-version":[{"id":197112,"href":"https:\/\/diarioregionaldigital.com.br\/index.php?rest_route=\/wp\/v2\/posts\/197111\/revisions\/197112"}],"wp:attachment":[{"href":"https:\/\/diarioregionaldigital.com.br\/index.php?rest_route=%2Fwp%2Fv2%2Fmedia&parent=197111"}],"wp:term":[{"taxonomy":"category","embeddable":true,"href":"https:\/\/diarioregionaldigital.com.br\/index.php?rest_route=%2Fwp%2Fv2%2Fcategories&post=197111"},{"taxonomy":"post_tag","embeddable":true,"href":"https:\/\/diarioregionaldigital.com.br\/index.php?rest_route=%2Fwp%2Fv2%2Ftags&post=197111"}],"curies":[{"name":"wp","href":"https:\/\/api.w.org\/{rel}","templated":true}]}}