{"id":197102,"date":"2022-04-01T18:24:02","date_gmt":"2022-04-01T21:24:02","guid":{"rendered":"https:\/\/diarioregionaldigital.com.br\/?p=197102"},"modified":"2022-04-01T18:24:02","modified_gmt":"2022-04-01T21:24:02","slug":"secretaria-de-obras-implementa-sistema-de-led-no-bairro-ponte-preta","status":"publish","type":"post","link":"https:\/\/diarioregionaldigital.com.br\/?p=197102","title":{"rendered":"Secretaria de Obras implementa sistema de LED no bairro Ponte Preta"},"content":{"rendered":"<p>Segundo informa\u00e7\u00f5es do site da Prefeitura de Juiz de Fora, a Secretaria de Obras (SO) da Prefeitura de Juiz de Fora (PJF) realizou a implementa\u00e7\u00e3o do sistema de ilumina\u00e7\u00e3o de LED na Rua Galileu Picorelli e na Avenida Marginal, no bairro Ponte Preta, nesta sexta-feira, 1\u00ba.<\/p>\n<p>As novas l\u00e2mpadas possuem 80watts e geram uma economia ao munic\u00edpio, al\u00e9m de trazer mais seguran\u00e7a \u00e0 regi\u00e3o. Por serem mais eficientes, as l\u00e2mpadas possuem menos necessidades de reparo e menos falhas, fazendo com que a manuten\u00e7\u00e3o seja menos frequente.<\/p>\n<p><strong>Brilha JF em 2021<\/strong><\/p>\n<p>Atrav\u00e9s do Programa Boniteza e do Brilha JF, em 2021 foram instaladas mais de 1.500 lumin\u00e1rias de LED em vias estrat\u00e9gicas da cidade como a Avenida JK, que est\u00e1 em fase de finaliza\u00e7\u00e3o; Avenida Get\u00falio Vargas; Avenida Brasil, at\u00e9 o viaduto da BD; Avenida Governador Valadares; Rua S\u00e3o Mateus; Rua Ibitiguaia; Rua Benjamin Constant; Rua Ces\u00e1rio Alvim; Avenida Francisco Bernardino; Rua Paulo Frontin; Rua Doutor Prisco; Estrada Engenheiro Gentil Forn; Rua Jos\u00e9 Louren\u00e7o Kelmer, entre a Ponte Casablanca e a UFJF; acesso \u00e0 Nova Benfica pela Rua Martins Barbosa, Viaduto Augusto Franco e Viaduto Ramirez Gonzales, al\u00e9m de diversas pra\u00e7as da cidade.<\/p>\n","protected":false},"excerpt":{"rendered":"<p>Segundo informa\u00e7\u00f5es do site da Prefeitura de Juiz de Fora, a Secretaria de Obras (SO) da Prefeitura de Juiz de Fora (PJF) realizou a implementa\u00e7\u00e3o do sistema de ilumina\u00e7\u00e3o de LED na Rua Galileu Picorelli e na Avenida Marginal, no bairro Ponte Preta, nesta sexta-feira, 1\u00ba. As novas l\u00e2mpadas possuem 80watts e geram uma economia [&hellip;]<\/p>\n","protected":false},"author":246,"featured_media":197103,"comment_status":"closed","ping_status":"closed","sticky":false,"template":"","format":"standard","meta":{"footnotes":""},"categories":[253,436,439],"tags":[],"class_list":["post-197102","post","type-post","status-publish","format-standard","has-post-thumbnail","hentry","category-cidade","category-destaque-da-semana","category-ultima-hora"],"_links":{"self":[{"href":"https:\/\/diarioregionaldigital.com.br\/index.php?rest_route=\/wp\/v2\/posts\/197102","targetHints":{"allow":["GET"]}}],"collection":[{"href":"https:\/\/diarioregionaldigital.com.br\/index.php?rest_route=\/wp\/v2\/posts"}],"about":[{"href":"https:\/\/diarioregionaldigital.com.br\/index.php?rest_route=\/wp\/v2\/types\/post"}],"author":[{"embeddable":true,"href":"https:\/\/diarioregionaldigital.com.br\/index.php?rest_route=\/wp\/v2\/users\/246"}],"replies":[{"embeddable":true,"href":"https:\/\/diarioregionaldigital.com.br\/index.php?rest_route=%2Fwp%2Fv2%2Fcomments&post=197102"}],"version-history":[{"count":1,"href":"https:\/\/diarioregionaldigital.com.br\/index.php?rest_route=\/wp\/v2\/posts\/197102\/revisions"}],"predecessor-version":[{"id":197104,"href":"https:\/\/diarioregionaldigital.com.br\/index.php?rest_route=\/wp\/v2\/posts\/197102\/revisions\/197104"}],"wp:featuredmedia":[{"embeddable":true,"href":"https:\/\/diarioregionaldigital.com.br\/index.php?rest_route=\/wp\/v2\/media\/197103"}],"wp:attachment":[{"href":"https:\/\/diarioregionaldigital.com.br\/index.php?rest_route=%2Fwp%2Fv2%2Fmedia&parent=197102"}],"wp:term":[{"taxonomy":"category","embeddable":true,"href":"https:\/\/diarioregionaldigital.com.br\/index.php?rest_route=%2Fwp%2Fv2%2Fcategories&post=197102"},{"taxonomy":"post_tag","embeddable":true,"href":"https:\/\/diarioregionaldigital.com.br\/index.php?rest_route=%2Fwp%2Fv2%2Ftags&post=197102"}],"curies":[{"name":"wp","href":"https:\/\/api.w.org\/{rel}","templated":true}]}}