{"id":197098,"date":"2022-04-01T18:22:04","date_gmt":"2022-04-01T21:22:04","guid":{"rendered":"https:\/\/diarioregionaldigital.com.br\/?p=197098"},"modified":"2022-04-01T18:22:04","modified_gmt":"2022-04-01T21:22:04","slug":"smu-realiza-ajustes-em-20-linhas","status":"publish","type":"post","link":"https:\/\/diarioregionaldigital.com.br\/?p=197098","title":{"rendered":"SMU realiza ajustes em 20 linhas"},"content":{"rendered":"<div id=\"box_texto_noticia\">\n<p>Segundo informa\u00e7\u00f5es do site da Prefeitura de Juiz de Fora, dando continuidade aos estudos t\u00e9cnicos de altera\u00e7\u00f5es para melhoria do transporte coletivo urbano, a Secretaria de Mobilidade Urbana (SMU) informa que a partir da pr\u00f3xima segunda-feira, 4, 19 linhas passam por ajustes. S\u00e3o elas: 204, 205, 210, 213, 221, 259, 542, 609, 611, 612, 621, 708, 713, 716, 719, 728, 729, 736 e 738. J\u00e1 a linha 444 ter\u00e1 apenas altera\u00e7\u00e3o de itiner\u00e1rio no seguinte trecho, no sentido bairro\/Centro: &#8220;&#8230;Rua Maria Garcia com Rua Domingos Del Ducas \u2013 Ponto Final, Rua Florentina Garcia, Rua Maria Gon\u00e7alves Torres, Rua Prof. Luiz Viana, Rua Padre Guilherme, Rua In\u00e1cio da Gama&#8230;&#8221;<\/p>\n<p>As altera\u00e7\u00f5es nos quadros de hor\u00e1rios e itiner\u00e1rios podem ser conferidas no Portal da Prefeitura de Juiz de Fora (PJF) a partir desta segunda-feira. Os novos hor\u00e1rios podem ser conferidos no arquivo em anexo.<\/p>\n<\/div>\n<p>&nbsp;<\/p>\n<div class=\"texto_anexo\"><img loading=\"lazy\" decoding=\"async\" src=\"https:\/\/www.pjf.mg.gov.br\/imagens\/clips.jpg\" width=\"22\" height=\"20\" \/>\u00a0<a href=\"https:\/\/www.pjf.mg.gov.br\/noticias\/anexo\/horariodeonibus-smu-abrilNOVO.pdf\" target=\"_blank\" rel=\"noopener\">Veja o anexo<\/a><\/div>\n","protected":false},"excerpt":{"rendered":"<p>Segundo informa\u00e7\u00f5es do site da Prefeitura de Juiz de Fora, dando continuidade aos estudos t\u00e9cnicos de altera\u00e7\u00f5es para melhoria do transporte coletivo urbano, a Secretaria de Mobilidade Urbana (SMU) informa que a partir da pr\u00f3xima segunda-feira, 4, 19 linhas passam por ajustes. S\u00e3o elas: 204, 205, 210, 213, 221, 259, 542, 609, 611, 612, 621, [&hellip;]<\/p>\n","protected":false},"author":246,"featured_media":197099,"comment_status":"closed","ping_status":"closed","sticky":false,"template":"","format":"standard","meta":{"footnotes":""},"categories":[253,436,439],"tags":[],"class_list":["post-197098","post","type-post","status-publish","format-standard","has-post-thumbnail","hentry","category-cidade","category-destaque-da-semana","category-ultima-hora"],"_links":{"self":[{"href":"https:\/\/diarioregionaldigital.com.br\/index.php?rest_route=\/wp\/v2\/posts\/197098","targetHints":{"allow":["GET"]}}],"collection":[{"href":"https:\/\/diarioregionaldigital.com.br\/index.php?rest_route=\/wp\/v2\/posts"}],"about":[{"href":"https:\/\/diarioregionaldigital.com.br\/index.php?rest_route=\/wp\/v2\/types\/post"}],"author":[{"embeddable":true,"href":"https:\/\/diarioregionaldigital.com.br\/index.php?rest_route=\/wp\/v2\/users\/246"}],"replies":[{"embeddable":true,"href":"https:\/\/diarioregionaldigital.com.br\/index.php?rest_route=%2Fwp%2Fv2%2Fcomments&post=197098"}],"version-history":[{"count":2,"href":"https:\/\/diarioregionaldigital.com.br\/index.php?rest_route=\/wp\/v2\/posts\/197098\/revisions"}],"predecessor-version":[{"id":197101,"href":"https:\/\/diarioregionaldigital.com.br\/index.php?rest_route=\/wp\/v2\/posts\/197098\/revisions\/197101"}],"wp:featuredmedia":[{"embeddable":true,"href":"https:\/\/diarioregionaldigital.com.br\/index.php?rest_route=\/wp\/v2\/media\/197099"}],"wp:attachment":[{"href":"https:\/\/diarioregionaldigital.com.br\/index.php?rest_route=%2Fwp%2Fv2%2Fmedia&parent=197098"}],"wp:term":[{"taxonomy":"category","embeddable":true,"href":"https:\/\/diarioregionaldigital.com.br\/index.php?rest_route=%2Fwp%2Fv2%2Fcategories&post=197098"},{"taxonomy":"post_tag","embeddable":true,"href":"https:\/\/diarioregionaldigital.com.br\/index.php?rest_route=%2Fwp%2Fv2%2Ftags&post=197098"}],"curies":[{"name":"wp","href":"https:\/\/api.w.org\/{rel}","templated":true}]}}