{"id":197095,"date":"2022-04-01T18:20:12","date_gmt":"2022-04-01T21:20:12","guid":{"rendered":"https:\/\/diarioregionaldigital.com.br\/?p=197095"},"modified":"2022-04-01T18:20:12","modified_gmt":"2022-04-01T21:20:12","slug":"em-uma-semana-programa-boniteza-atende-16-vias-de-juiz-de-fora-e-realiza-zeladoria-em-mais-de-cinco-pracas","status":"publish","type":"post","link":"https:\/\/diarioregionaldigital.com.br\/?p=197095","title":{"rendered":"Em uma semana, Programa Boniteza atende 16 vias de Juiz de Fora e realiza zeladoria em mais de cinco pra\u00e7as"},"content":{"rendered":"<p>Segundo informa\u00e7\u00f5es do site da Prefeitura de Juiz de Fora, entre os dias 27 de mar\u00e7o e 1\u00ba de abril, a zeladoria do Programa Boniteza atendeu 16 vias de Juiz de Fora, com servi\u00e7os de manuten\u00e7\u00e3o, como podas dr\u00e1sticas e simples e cortes, em 102 \u00e1rvores em toda a cidade. No total, foram 13 bairros atendidos, contando com sete pra\u00e7as, o Est\u00e1dio Municipal Radialista M\u00e1rio Helenio e os canteiros centrais da Av. Rio Branco, proporcionando benef\u00edcios \u00e0 popula\u00e7\u00e3o atrav\u00e9s dos trabalhos realizados.<\/p>\n<p>Dentre as pra\u00e7as atendidas, destaque para a do bairro Milho Branco, que teve os servi\u00e7os de limpeza e poda de grama conclu\u00eddos na \u00faltima quinta, 31, e para a Pra\u00e7a de Esporte Jos\u00e9 Petrato, no bairro Progresso, local de grande refer\u00eancia de lazer, pr\u00e1tica de esportes e atividades ao ar livre.<\/p>\n<p>A programa\u00e7\u00e3o di\u00e1ria de todas as atividades realizadas pela Empav pode ser acompanhada atrav\u00e9s da p\u00e1gina do Gabinete de A\u00e7\u00e3o e Di\u00e1logo Comunit\u00e1rio, pelo<a href=\"https:\/\/www.pjf.mg.gov.br\/gabinetecomunitario\/#onde\">\u00a0<strong>link<\/strong><\/a>.<\/p>\n<p>Todas as a\u00e7\u00f5es de reestrutura\u00e7\u00e3o, urbaniza\u00e7\u00e3o e zeladoria realizadas pela Empav fazem parte do Programa Boniteza. Voc\u00ea pode solicitar estes e outros servi\u00e7os atrav\u00e9s do Gabinete de A\u00e7\u00e3o e Di\u00e1logo Comunit\u00e1rio, que recebe e organiza pedidos relativos a interven\u00e7\u00f5es e melhorias urbanas. O contato pode ser feito por liga\u00e7\u00e3o telef\u00f4nica, pelo n\u00famero (32) 3690-7241 ou, ainda, via WhatsApp, utilizando o mesmo n\u00famero.<\/p>\n","protected":false},"excerpt":{"rendered":"<p>Segundo informa\u00e7\u00f5es do site da Prefeitura de Juiz de Fora, entre os dias 27 de mar\u00e7o e 1\u00ba de abril, a zeladoria do Programa Boniteza atendeu 16 vias de Juiz de Fora, com servi\u00e7os de manuten\u00e7\u00e3o, como podas dr\u00e1sticas e simples e cortes, em 102 \u00e1rvores em toda a cidade. No total, foram 13 bairros [&hellip;]<\/p>\n","protected":false},"author":246,"featured_media":197096,"comment_status":"closed","ping_status":"closed","sticky":false,"template":"","format":"standard","meta":{"footnotes":""},"categories":[253,436,439],"tags":[],"class_list":["post-197095","post","type-post","status-publish","format-standard","has-post-thumbnail","hentry","category-cidade","category-destaque-da-semana","category-ultima-hora"],"_links":{"self":[{"href":"https:\/\/diarioregionaldigital.com.br\/index.php?rest_route=\/wp\/v2\/posts\/197095","targetHints":{"allow":["GET"]}}],"collection":[{"href":"https:\/\/diarioregionaldigital.com.br\/index.php?rest_route=\/wp\/v2\/posts"}],"about":[{"href":"https:\/\/diarioregionaldigital.com.br\/index.php?rest_route=\/wp\/v2\/types\/post"}],"author":[{"embeddable":true,"href":"https:\/\/diarioregionaldigital.com.br\/index.php?rest_route=\/wp\/v2\/users\/246"}],"replies":[{"embeddable":true,"href":"https:\/\/diarioregionaldigital.com.br\/index.php?rest_route=%2Fwp%2Fv2%2Fcomments&post=197095"}],"version-history":[{"count":1,"href":"https:\/\/diarioregionaldigital.com.br\/index.php?rest_route=\/wp\/v2\/posts\/197095\/revisions"}],"predecessor-version":[{"id":197097,"href":"https:\/\/diarioregionaldigital.com.br\/index.php?rest_route=\/wp\/v2\/posts\/197095\/revisions\/197097"}],"wp:featuredmedia":[{"embeddable":true,"href":"https:\/\/diarioregionaldigital.com.br\/index.php?rest_route=\/wp\/v2\/media\/197096"}],"wp:attachment":[{"href":"https:\/\/diarioregionaldigital.com.br\/index.php?rest_route=%2Fwp%2Fv2%2Fmedia&parent=197095"}],"wp:term":[{"taxonomy":"category","embeddable":true,"href":"https:\/\/diarioregionaldigital.com.br\/index.php?rest_route=%2Fwp%2Fv2%2Fcategories&post=197095"},{"taxonomy":"post_tag","embeddable":true,"href":"https:\/\/diarioregionaldigital.com.br\/index.php?rest_route=%2Fwp%2Fv2%2Ftags&post=197095"}],"curies":[{"name":"wp","href":"https:\/\/api.w.org\/{rel}","templated":true}]}}