{"id":197092,"date":"2022-04-01T18:18:11","date_gmt":"2022-04-01T21:18:11","guid":{"rendered":"https:\/\/diarioregionaldigital.com.br\/?p=197092"},"modified":"2022-04-01T18:18:11","modified_gmt":"2022-04-01T21:18:11","slug":"parceria-da-prefeitura-com-centro-socioeducativo-da-visibilidade-a-recuperacao-de-jovens-acautelados","status":"publish","type":"post","link":"https:\/\/diarioregionaldigital.com.br\/?p=197092","title":{"rendered":"Parceria da Prefeitura com Centro Socioeducativo d\u00e1 visibilidade \u00e0 recupera\u00e7\u00e3o de jovens acautelados"},"content":{"rendered":"<div>Segundo informa\u00e7\u00f5es do site da Prefeitura de Juiz de Fora, uma parceria firmada entre a Secretaria de Seguran\u00e7a Urbana e Cidadania (Sesuc) e o Centro Socioeducativo (CSE) de Juiz de Fora est\u00e1 trazendo visibilidade para o trabalho feito pela recupera\u00e7\u00e3o de adolescentes acautelados na unidade. A oficina de padaria que funciona no local vem fornecendo parte de sua produ\u00e7\u00e3o para projetos da Prefeitura, como refor\u00e7o em lanches de equipes e entregas especiais para eventos. De um lado, os jovens aprendem uma profiss\u00e3o para a retomada da vida fora do sistema prisional. De outro, a sociedade passa a conhecer o produto da atividade de recupera\u00e7\u00e3o feita no munic\u00edpio, contribuindo para ruptura de estigmas.<\/p>\n<p>Entre fevereiro e mar\u00e7o, fornadas de p\u00e3es, bolos e biscoitos sa\u00eddas da oficina foram entregues, duas vezes por semana, no Sport Club, refor\u00e7ando o lanche da tarde de profissionais envolvidos na vacina\u00e7\u00e3o contra a Covid-19. No lan\u00e7amento do projeto \u201cCaf\u00e9 com Cidadania\u201d, realizado no Dia Internacional da Mulher, pela Sesuc, a mesa montada tinha a assinatura dos jovens do socioeducativo. A reuni\u00e3o presencial do Conselho Municipal de Seguran\u00e7a Urbana e Cidadania (Comsuc) tamb\u00e9m contou com os quitutes. E, na noite desta quinta-feira, 31, Dia Municipal da Lideran\u00e7a Comunit\u00e1ria, novamente, os produtos fizeram parte da festividade. Bolos, em por\u00e7\u00f5es individuais, simbolizaram o carinho da Prefeitura de Juiz de Fota (PJF) com o p\u00fablico presente ao evento.<\/p>\n<p>A secret\u00e1ria de governo, Cidinha Louzada, destaca o sucesso da parceria. &#8220;Temos compromisso com a participa\u00e7\u00e3o popular e com a inclus\u00e3o nesta gest\u00e3o. O nosso 1\u00ba Encontro de Lideran\u00e7as do Gabinete de A\u00e7\u00e3o e Di\u00e1logo Comunit\u00e1rio reuniu l\u00edderes de todas as regi\u00f5es de Juiz de Fora, foi muito emocionante e ficou ainda mais especial com o apoio do Sistema Socioeducativo, que forneceu os bolos deliciosos que eles produzem&#8221;, afirma.<\/p>\n<p>A ideia da parceria surgiu de uma visita da secret\u00e1ria de Seguran\u00e7a Urbana e Cidadania, Let\u00edcia Paiva Delgado, \u00e0 unidade do Centro Socioeducativo, no bairro Santa L\u00facia. L\u00e1 ela viu de perto a produ\u00e7\u00e3o da padaria escola e vislumbrou a possibilidade de trazer para fora dos muros o resultado do aprendizado. \u201c\u00c9 interesse do munic\u00edpio refor\u00e7ar esse tipo de parceria, para que se possa construir uma rede de apoio tamb\u00e9m na sa\u00edda desses meninos, favorecendo a empregabilidade\u201d, explica a secret\u00e1ria.<\/p>\n<p>Let\u00edcia lembra que a proposta s\u00f3 se concretizou por Juiz de Fora dispor de um Conselho de Seguran\u00e7a amplamente atuante. \u201cO relacionamento com outras institui\u00e7\u00f5es de seguran\u00e7a foi intensificado, com a exist\u00eancia do Comsuc, a partir do \u00f3rg\u00e3o a gente tem conseguido fazer diversas parcerias e se apoiar para v\u00e1rias iniciativas. \u00c9 um ambiente com muita representatividade e muita atua\u00e7\u00e3o, do qual o Socioeducativo faz parte\u201d, atesta.<\/p>\n<p><strong>Refor\u00e7ando caminhos para a reinser\u00e7\u00e3o\u00a0<\/strong><\/p>\n<p>A Prefeitura prop\u00f4s a cria\u00e7\u00e3o do Fundo Municipal de Pol\u00edticas Penais, em projeto de lei aprovado pela C\u00e2mara Municipal em 21 de mar\u00e7o de 2022. O objetivo \u00e9 a capta\u00e7\u00e3o de financiamento, sobretudo, via\u00a0recursos federais do Fundo Penitenci\u00e1rio Nacional (Funpen),\u00a0para\u00a0pol\u00edticas de alternativas penais e pol\u00edticas p\u00fablicas de reinser\u00e7\u00e3o social a egressos do sistema prisional local. A aprova\u00e7\u00e3o da lei aponta para avan\u00e7os no sentido do fortalecimento das redes socioassistenciais municipais e colabora para uma ambi\u00eancia de paz, equidade e justi\u00e7a social.<\/p>\n<p>A proposta tamb\u00e9m est\u00e1 em conformidade com o Plano Municipal de Seguran\u00e7a Urbana e Cidadania, que aponta na sua meta 25 a necessidade de \u201cimplementar e contribuir com os projetos de reinser\u00e7\u00e3o social para egressos do sistema prisional\u201d, de forma a humanizar e proporcionar\u00a0oportunidades para o desenvolvimento profissional, a fim de favorecer um recome\u00e7o com mais dignidade a essas pessoas.<\/p><\/div>\n<p><b>\u00a0<\/b><\/p>\n","protected":false},"excerpt":{"rendered":"<p>Segundo informa\u00e7\u00f5es do site da Prefeitura de Juiz de Fora, uma parceria firmada entre a Secretaria de Seguran\u00e7a Urbana e Cidadania (Sesuc) e o Centro Socioeducativo (CSE) de Juiz de Fora est\u00e1 trazendo visibilidade para o trabalho feito pela recupera\u00e7\u00e3o de adolescentes acautelados na unidade. A oficina de padaria que funciona no local vem fornecendo [&hellip;]<\/p>\n","protected":false},"author":246,"featured_media":197093,"comment_status":"closed","ping_status":"closed","sticky":false,"template":"","format":"standard","meta":{"footnotes":""},"categories":[253,436,440,439],"tags":[],"class_list":["post-197092","post","type-post","status-publish","format-standard","has-post-thumbnail","hentry","category-cidade","category-destaque-da-semana","category-destaques-do-dia","category-ultima-hora"],"_links":{"self":[{"href":"https:\/\/diarioregionaldigital.com.br\/index.php?rest_route=\/wp\/v2\/posts\/197092","targetHints":{"allow":["GET"]}}],"collection":[{"href":"https:\/\/diarioregionaldigital.com.br\/index.php?rest_route=\/wp\/v2\/posts"}],"about":[{"href":"https:\/\/diarioregionaldigital.com.br\/index.php?rest_route=\/wp\/v2\/types\/post"}],"author":[{"embeddable":true,"href":"https:\/\/diarioregionaldigital.com.br\/index.php?rest_route=\/wp\/v2\/users\/246"}],"replies":[{"embeddable":true,"href":"https:\/\/diarioregionaldigital.com.br\/index.php?rest_route=%2Fwp%2Fv2%2Fcomments&post=197092"}],"version-history":[{"count":1,"href":"https:\/\/diarioregionaldigital.com.br\/index.php?rest_route=\/wp\/v2\/posts\/197092\/revisions"}],"predecessor-version":[{"id":197094,"href":"https:\/\/diarioregionaldigital.com.br\/index.php?rest_route=\/wp\/v2\/posts\/197092\/revisions\/197094"}],"wp:featuredmedia":[{"embeddable":true,"href":"https:\/\/diarioregionaldigital.com.br\/index.php?rest_route=\/wp\/v2\/media\/197093"}],"wp:attachment":[{"href":"https:\/\/diarioregionaldigital.com.br\/index.php?rest_route=%2Fwp%2Fv2%2Fmedia&parent=197092"}],"wp:term":[{"taxonomy":"category","embeddable":true,"href":"https:\/\/diarioregionaldigital.com.br\/index.php?rest_route=%2Fwp%2Fv2%2Fcategories&post=197092"},{"taxonomy":"post_tag","embeddable":true,"href":"https:\/\/diarioregionaldigital.com.br\/index.php?rest_route=%2Fwp%2Fv2%2Ftags&post=197092"}],"curies":[{"name":"wp","href":"https:\/\/api.w.org\/{rel}","templated":true}]}}