{"id":197086,"date":"2022-04-01T18:10:11","date_gmt":"2022-04-01T21:10:11","guid":{"rendered":"https:\/\/diarioregionaldigital.com.br\/?p=197086"},"modified":"2022-04-01T18:10:11","modified_gmt":"2022-04-01T21:10:11","slug":"petrucio-ferreira-e-gabriel-araujo-batem-recordes-mundiais-em-competicao-no-ct-paralimpico","status":"publish","type":"post","link":"https:\/\/diarioregionaldigital.com.br\/?p=197086","title":{"rendered":"Petr\u00facio Ferreira e Gabriel Ara\u00fajo batem recordes mundiais em competi\u00e7\u00e3o no CT Paral\u00edmpico"},"content":{"rendered":"<p>Os campe\u00f5es paral\u00edmpicos Petr\u00facio Ferreira, do atletsimo, e Gabriel Ara\u00fajo, da nata\u00e7\u00e3o, bateram recordes mundiais logo no primeiro dia das competi\u00e7\u00f5es que tiveram in\u00edcio nesta quinta, 31.03, e v\u00e3o at\u00e9 s\u00e1bado, 2.04, no Centro de Treinamento Paral\u00edmpico, em S\u00e3o Paulo.<\/p>\n<p>O velocista paraibano fez a nova marca mundial nos 100m da classe T47 (atletas com defici\u00eancia nos membros superiores) durante o Desafio de atletismo CPB\/CBAt. Ele correu o percurso em 10s29. O recorde anterior tamb\u00e9m era dele. Em 2019, no Mundial de Dubai, Petr\u00facio cravou 10s42.<\/p>\n<p>&#8220;Melhorar o tempo \u00e9 sempre a meta. Desde os Jogos de T\u00f3quio 2020, nos quais conquistei a medalha de ouro e bati o recorde paral\u00edmpico da prova, n\u00e3o parei de treinar. Fiz todo o trabalho multidisciplinar para me manter em alto n\u00edvel&#8221;, disse Petr\u00facio, que participa do evento pelo clube Pinheiros, da capital paulista.<\/p>\n<p>Al\u00e9m de bater o pr\u00f3prio recorde mundial, o paraibano reitera o t\u00edtulo de atleta paral\u00edmpico mais r\u00e1pido do mundo, dono do melhor tempo nos 100m, independentemente da classe funcional. Vale destacar que o tempo de 10s42 j\u00e1 o colocava neste posto.<\/p>\n<p>O Desafio de atletismo CPB\/CBAt \u00e9 composto por provas de pista e campo, com disputas entre atletas com e sem defici\u00eancias. Em sua prova, Petr\u00facio chegou em primeiro, inclusive superando esportistas ol\u00edmpicos, como Derick Souza, atleta do Pinheiros e integrante do revezamento 4 x 100m que foi campe\u00e3o mundial. Derick terminou em 10s35.<\/p>\n<p>&#8220;Os atletas sem defici\u00eancia puxam a gente. Fico motivado para super\u00e1-los. No meu dicion\u00e1rio n\u00e3o existem as palavras imposs\u00edvel e dif\u00edcil. S\u00f3 a frase: &#8216;Eu posso, eu quero e eu consigo&#8217;. Depois deste tempo de 10s29, quem sabe eu consiga chegar a 10s10? N\u00e3o \u00e9 promessa, mas tenho o desejo&#8221;, concluiu o velocista, que, aos dois anos de idade sofreu amputa\u00e7\u00e3o de parte do bra\u00e7o esquerdo em um acidente com uma m\u00e1quina de moer capim.<\/p>\n<p><strong>Nata\u00e7\u00e3o<\/strong><\/p>\n<p>J\u00e1 o nadador Gabriel Ara\u00fajo, da classe S2, fez 3min37s64 nas eliminat\u00f3rias dos 150m medley pela 1\u00aa etapa Nacional do Circuito Paral\u00edmpico Loterias Caixa e quebrou o pr\u00f3prio recorde anterior, de 3min47s04, registrado em 3 de mar\u00e7o, na etapa da It\u00e1lia do World Series, circuito internacional da nata\u00e7\u00e3o organizado pelo Comit\u00ea Paral\u00edmpico Internacional.<\/p>\n<p>A prova n\u00e3o faz parte do programa do Campeonato Mundial da nata\u00e7\u00e3o em sua classe. Mesmo assim, o atleta mineiro de Santa Luzia tem aproveitado a competi\u00e7\u00e3o no CT Paral\u00edmpico para treinar todas as vari\u00e1veis. Gabriel ainda bateu o recorde das Am\u00e9ricas nos 100m livre ao cravar 1min57s63 e diminuir o pr\u00f3prio recorde, que era de 1min5875.<\/p>\n<p>&#8220;Os 150m medley \u00e9 uma prova nova para mim, comecei a nadar este estilo recentemente. Ent\u00e3o, estou feliz e \u00e9 mais uma resposta de que o trabalho est\u00e1 sendo bem feito, no caminho certo para chegar bem no Mundial&#8221;, analisou Gabrielzinho, que tem focomelia, doen\u00e7a cong\u00eanita que impede a forma\u00e7\u00e3o normal de bra\u00e7os e pernas.<\/p>\n<p><strong>Outros recordes<\/strong><\/p>\n<p>O nadador paulista Jos\u00e9 Ronaldo e a mineira Ana Karolina Soares tamb\u00e9m bateram recordes das Am\u00e9ricas em suas classes. O nadador da S1 (para atletas com limita\u00e7\u00f5es f\u00edsico-motoras severas) fez a nova marca ao nadar as eliminat\u00f3rias dos 100m livre em 2min57s10 (o antigo recorde era de 3min28s00).<\/p>\n<p>J\u00e1 a atleta da classe S14 (para atletas com defici\u00eancia intelectual) chegou a cravar duas vezes o mesmo recorde continental: nos 100m livre fez 1min00s90 nas eliminat\u00f3rias pela manh\u00e3 e, \u00e0 tarde, conseguiu diminuir o tempo para 1min00s85. O tempo anterior era de 1min00s98.<\/p>\n<p><strong>Garantidos<\/strong><\/p>\n<p>Nas provas da 1\u00aa etapa Nacional do Circuito Paral\u00edmpico Loterias Caixa, que come\u00e7aram na manh\u00e3 desta quinta, no CT Paral\u00edmpico, em S\u00e3o Paulo, tr\u00eas nadadores j\u00e1 asseguraram suas vagas no Mundial da modalidade, em junho, em Portugal.<\/p>\n<p>O pernambucano Phelipe Rodrigues, nos 100m livre pela classe S10, fez 53s77 e bateu o \u00edndice para a competi\u00e7\u00e3o mundial, que era de 53s79. Nas finais \u00e0 tarde, ele chegou a melhorar o tempo e completou em 53s74.<\/p>\n<p>&#8220;Para um in\u00edcio de temporada estou feliz e aliviado em j\u00e1 ter garantido o \u00edndice nos 100 livre. Isso me d\u00e1 mais confian\u00e7a ainda para os pr\u00f3ximos meses de prepara\u00e7\u00e3o. Nesta sexta ainda teremos os 50m livre e estou confiante de que vou nadar bem tamb\u00e9m. Daqui para frente \u00e9 foco total nos treinos e em nadar bem para trazer mais medalhas para o Brasil&#8221;, afirmou Phelipe Rodrigues, que j\u00e1 participou de cinco edi\u00e7\u00f5es de Mundiais e tem 15 medalhas.<\/p>\n<p>J\u00e1 a carioca L\u00eddia Cruz, pela classe S4, nadou a mesma prova no feminino em 1min27s69, marca mais r\u00e1pida do que o \u00edndice de 1min32s36, e tamb\u00e9m assegurou sua presen\u00e7a em Portugal. Ser\u00e1 a primeira vez da atleta em um Mundial de nata\u00e7\u00e3o.<\/p>\n<p>O paulista Jos\u00e9 Ronaldo da Silva tamb\u00e9m foi outro nadador do primeiro dia de competi\u00e7\u00f5es a bater o \u00edndice mundial. Nas finais da prova dos 50 m costas pela classe S1, nadou em 1min20s83, tempo menor que os 1min27s98 estabelecidos como crit\u00e9rio.<\/p>\n<p><strong>Crit\u00e9rios<\/strong><\/p>\n<p>Para integrar a delega\u00e7\u00e3o brasileira no Mundial, os atletas dever\u00e3o cumprir os crit\u00e9rios estabelecidos pela Diretoria de Esporte de Alto Rendimento do CPB e os crit\u00e9rios de elegibilidade do Comit\u00ea Paral\u00edmpico Internacional (IPC, sigla em ingl\u00eas), como possuir classifica\u00e7\u00e3o esportiva internacional.<\/p>\n<p>Ainda de acordo com um dos crit\u00e9rios do CPB para o Mundial, os campe\u00f5es paral\u00edmpicos Carol Santiago (S12), Gabriel Ara\u00fajo (S2), Gabriel Bandeira (S14), Talisson Glock (S6) e Wendell Belarmino (S11) j\u00e1 est\u00e3o garantidos por terem conquistado o ouro em T\u00f3quio no ano passado.<\/p>\n<p>Fonte: Comit\u00ea Paral\u00edmpico Brasileiro (CPB)<\/p>\n","protected":false},"excerpt":{"rendered":"<p>Os campe\u00f5es paral\u00edmpicos Petr\u00facio Ferreira, do atletsimo, e Gabriel Ara\u00fajo, da nata\u00e7\u00e3o, bateram recordes mundiais logo no primeiro dia das competi\u00e7\u00f5es que tiveram in\u00edcio nesta quinta, 31.03, e v\u00e3o at\u00e9 s\u00e1bado, 2.04, no Centro de Treinamento Paral\u00edmpico, em S\u00e3o Paulo. O velocista paraibano fez a nova marca mundial nos 100m da classe T47 (atletas com [&hellip;]<\/p>\n","protected":false},"author":246,"featured_media":197087,"comment_status":"closed","ping_status":"closed","sticky":false,"template":"","format":"standard","meta":{"footnotes":""},"categories":[436,257,439],"tags":[],"class_list":["post-197086","post","type-post","status-publish","format-standard","has-post-thumbnail","hentry","category-destaque-da-semana","category-esporte","category-ultima-hora"],"_links":{"self":[{"href":"https:\/\/diarioregionaldigital.com.br\/index.php?rest_route=\/wp\/v2\/posts\/197086","targetHints":{"allow":["GET"]}}],"collection":[{"href":"https:\/\/diarioregionaldigital.com.br\/index.php?rest_route=\/wp\/v2\/posts"}],"about":[{"href":"https:\/\/diarioregionaldigital.com.br\/index.php?rest_route=\/wp\/v2\/types\/post"}],"author":[{"embeddable":true,"href":"https:\/\/diarioregionaldigital.com.br\/index.php?rest_route=\/wp\/v2\/users\/246"}],"replies":[{"embeddable":true,"href":"https:\/\/diarioregionaldigital.com.br\/index.php?rest_route=%2Fwp%2Fv2%2Fcomments&post=197086"}],"version-history":[{"count":1,"href":"https:\/\/diarioregionaldigital.com.br\/index.php?rest_route=\/wp\/v2\/posts\/197086\/revisions"}],"predecessor-version":[{"id":197088,"href":"https:\/\/diarioregionaldigital.com.br\/index.php?rest_route=\/wp\/v2\/posts\/197086\/revisions\/197088"}],"wp:featuredmedia":[{"embeddable":true,"href":"https:\/\/diarioregionaldigital.com.br\/index.php?rest_route=\/wp\/v2\/media\/197087"}],"wp:attachment":[{"href":"https:\/\/diarioregionaldigital.com.br\/index.php?rest_route=%2Fwp%2Fv2%2Fmedia&parent=197086"}],"wp:term":[{"taxonomy":"category","embeddable":true,"href":"https:\/\/diarioregionaldigital.com.br\/index.php?rest_route=%2Fwp%2Fv2%2Fcategories&post=197086"},{"taxonomy":"post_tag","embeddable":true,"href":"https:\/\/diarioregionaldigital.com.br\/index.php?rest_route=%2Fwp%2Fv2%2Ftags&post=197086"}],"curies":[{"name":"wp","href":"https:\/\/api.w.org\/{rel}","templated":true}]}}