{"id":197082,"date":"2022-04-01T18:08:10","date_gmt":"2022-04-01T21:08:10","guid":{"rendered":"https:\/\/diarioregionaldigital.com.br\/?p=197082"},"modified":"2022-04-01T18:08:10","modified_gmt":"2022-04-01T21:08:10","slug":"copa-do-mundo-brasil-enfrenta-servia-suica-e-camaroes-na-1a-fase","status":"publish","type":"post","link":"https:\/\/diarioregionaldigital.com.br\/?p=197082","title":{"rendered":"Copa do Mundo: Brasil enfrenta S\u00e9rvia, Su\u00ed\u00e7a e Camar\u00f5es na 1\u00aa fase"},"content":{"rendered":"<p>O Brasil ter\u00e1 S\u00e9rvia, Su\u00ed\u00e7a e Camar\u00f5es pela frente no Grupo G da Copa do Mundo deste ano. O sorteio foi realizado no Centro de Exibi\u00e7\u00f5es e Conven\u00e7\u00f5es de Doha, no Catar, pa\u00eds sede da competi\u00e7\u00e3o, que ser\u00e1 disputada entre 21 de novembro e 18 de dezembro deste ano. O dono da casa far\u00e1 o jogo de abertura do Mundial contra o Equador.<img decoding=\"async\" src=\"https:\/\/agenciabrasil.ebc.com.br\/ebc.png?id=1451819&amp;o=node\" \/><img decoding=\"async\" src=\"https:\/\/agenciabrasil.ebc.com.br\/ebc.gif?id=1451819&amp;o=node\" \/><\/p>\n<p>A sele\u00e7\u00e3o de Tite estrear\u00e1 diante dos s\u00e9rvios no dia 24 de novembro, uma quinta-feira. Quatro dias depois, em uma segunda-feira, encara os su\u00ed\u00e7os. A participa\u00e7\u00e3o na primeira fase chega ao fim no dia 2 de dezembro, uma sexta-feira, contra os camaroneses.<\/p>\n<div class=\"dnd-widget-wrapper context-cheio_8colunas type-image\">\n<div class=\"dnd-atom-rendered\">\n<p>Os tr\u00eas advers\u00e1rios s\u00e3o velhos conhecidos dos brasileiros em fases de grupo na Copa. S\u00e9rvia e Su\u00ed\u00e7a, por exemplo, foram rivais na \u00faltima edi\u00e7\u00e3o, h\u00e1 quatro anos, na R\u00fassia. J\u00e1 Camar\u00f5es esteve no caminho nas campanhas do tetracampeonato, em 1994, nos Estados Unidos, de 2014, quando o Brasil sediou o torneio.<\/p>\n<p>Ainda faltam serem conhecidos tr\u00eas participantes do Mundial. Um deles sair\u00e1 do duelo entre Costa Rica (quarta colocada das Eliminat\u00f3rias das Am\u00e9ricas Central e do Norte) e Nova Zel\u00e2ndia (vencedora da Oceania) e ser\u00e1 alocado no Grupo E, junto com Espanha, Alemanha e Jap\u00e3o.<\/p>\n<p>Outro ser\u00e1 decidido no confronto entre Peru (quinto da Am\u00e9rica do Sul) e a Austr\u00e1lia ou Emirados \u00c1rabes Unidos (que se enfrentam para definir o representante asi\u00e1tico da repescagem). Quem avan\u00e7ar, integrar\u00e1 o Grupo D, de Fran\u00e7a (atual campe\u00e3 mundial), Dinamarca e Tun\u00edsia.<\/p>\n<p>O \u00faltimo europeu confirmado sair\u00e1 da partida entre Pa\u00eds de Gales contra o ganhador de Esc\u00f3cia e Ucr\u00e2nia &#8211; que jogariam em mar\u00e7o, mas cujo embate foi adiado, devido \u00e0 a\u00e7\u00e3o militar russa no territ\u00f3rio ucraniano. O classificado ser\u00e1 inserido no Grupo B, com Inglaterra, Ir\u00e3 e Estados Unidos.<\/p>\n<p>O sorteio teve de obedecer algumas regras. Pa\u00edses de mesmo continente, por exemplo, n\u00e3o poderiam cair na mesma chave, exceto os europeus (com limite de dois por grupo). A restri\u00e7\u00e3o tamb\u00e9m vale \u00e0s sele\u00e7\u00f5es que se classificarem pelas repescagens.<\/p>\n<p>As equipes foram divididas por quatro potes, conforme a posi\u00e7\u00e3o no\u00a0<em>ranking<\/em>\u00a0da Fifa. As exce\u00e7\u00f5es foram o anfitri\u00e3o Catar (situado automaticamente no pote um, ao lado das sete sele\u00e7\u00f5es mais bem colocadas) e as tr\u00eas equipes vindas das repescagens, que foram inseridas no pote quatro.<\/p>\n<h2>Confira os grupos da Copa do Mundo<\/h2>\n<p>Grupo A: Catar, Equador, Senegal e Holanda.<br \/>\nGrupo B: Inglaterra, Ir\u00e3, Estados Unidos e Pa\u00eds de Gales\/Esc\u00f3cia\/Ucr\u00e2nia<br \/>\nGrupo C: Argentina, Ar\u00e1bia Saudita, M\u00e9xico e Pol\u00f4nia.<br \/>\nGrupo D: Fran\u00e7a, Peru\/Emirados \u00c1rabes Unidos\/Austr\u00e1lia, Dinamarca e Tun\u00edsia.<br \/>\nGrupo E: Espanha, Costa Rica\/Nova Zel\u00e2ndia, Alemanha e Jap\u00e3o.<br \/>\nGrupo F: B\u00e9lgica, Canad\u00e1, Marrocos e Cro\u00e1cia.<br \/>\nGrupo G: Brasil, S\u00e9rvia, Su\u00ed\u00e7a e Camar\u00f5es.<br \/>\nGrupo H: Portugal, Gana, Uruguai e Coreia do Sul.<\/p>\n<p>Fonte: Ag\u00eancia Brasil<\/p>\n<\/div>\n<\/div>\n","protected":false},"excerpt":{"rendered":"<p>O Brasil ter\u00e1 S\u00e9rvia, Su\u00ed\u00e7a e Camar\u00f5es pela frente no Grupo G da Copa do Mundo deste ano. O sorteio foi realizado no Centro de Exibi\u00e7\u00f5es e Conven\u00e7\u00f5es de Doha, no Catar, pa\u00eds sede da competi\u00e7\u00e3o, que ser\u00e1 disputada entre 21 de novembro e 18 de dezembro deste ano. O dono da casa far\u00e1 o [&hellip;]<\/p>\n","protected":false},"author":246,"featured_media":197083,"comment_status":"closed","ping_status":"closed","sticky":false,"template":"","format":"standard","meta":{"footnotes":""},"categories":[436,257,439],"tags":[],"class_list":["post-197082","post","type-post","status-publish","format-standard","has-post-thumbnail","hentry","category-destaque-da-semana","category-esporte","category-ultima-hora"],"_links":{"self":[{"href":"https:\/\/diarioregionaldigital.com.br\/index.php?rest_route=\/wp\/v2\/posts\/197082","targetHints":{"allow":["GET"]}}],"collection":[{"href":"https:\/\/diarioregionaldigital.com.br\/index.php?rest_route=\/wp\/v2\/posts"}],"about":[{"href":"https:\/\/diarioregionaldigital.com.br\/index.php?rest_route=\/wp\/v2\/types\/post"}],"author":[{"embeddable":true,"href":"https:\/\/diarioregionaldigital.com.br\/index.php?rest_route=\/wp\/v2\/users\/246"}],"replies":[{"embeddable":true,"href":"https:\/\/diarioregionaldigital.com.br\/index.php?rest_route=%2Fwp%2Fv2%2Fcomments&post=197082"}],"version-history":[{"count":2,"href":"https:\/\/diarioregionaldigital.com.br\/index.php?rest_route=\/wp\/v2\/posts\/197082\/revisions"}],"predecessor-version":[{"id":197085,"href":"https:\/\/diarioregionaldigital.com.br\/index.php?rest_route=\/wp\/v2\/posts\/197082\/revisions\/197085"}],"wp:featuredmedia":[{"embeddable":true,"href":"https:\/\/diarioregionaldigital.com.br\/index.php?rest_route=\/wp\/v2\/media\/197083"}],"wp:attachment":[{"href":"https:\/\/diarioregionaldigital.com.br\/index.php?rest_route=%2Fwp%2Fv2%2Fmedia&parent=197082"}],"wp:term":[{"taxonomy":"category","embeddable":true,"href":"https:\/\/diarioregionaldigital.com.br\/index.php?rest_route=%2Fwp%2Fv2%2Fcategories&post=197082"},{"taxonomy":"post_tag","embeddable":true,"href":"https:\/\/diarioregionaldigital.com.br\/index.php?rest_route=%2Fwp%2Fv2%2Ftags&post=197082"}],"curies":[{"name":"wp","href":"https:\/\/api.w.org\/{rel}","templated":true}]}}