{"id":197074,"date":"2022-04-01T17:54:05","date_gmt":"2022-04-01T20:54:05","guid":{"rendered":"https:\/\/diarioregionaldigital.com.br\/?p=197074"},"modified":"2022-04-01T17:54:05","modified_gmt":"2022-04-01T20:54:05","slug":"saude-convoca-para-vacinacao-contra-o-sarampo-a-partir-de-segunda-feira-4-4","status":"publish","type":"post","link":"https:\/\/diarioregionaldigital.com.br\/?p=197074","title":{"rendered":"Sa\u00fade convoca para vacina\u00e7\u00e3o contra o sarampo a partir de segunda-feira (4\/4)"},"content":{"rendered":"<p>Com o objetivo de vacinar indiscriminadamente crian\u00e7as de seis meses a menores de cinco anos de idade, mesmo aquelas que j\u00e1 tenham sido imunizadas contra a doen\u00e7a, a\u00a0<a href=\"http:\/\/www.saude.mg.gov.br\/\" target=\"_blank\" rel=\"noopener\">Secretaria de Estado de Sa\u00fade de Minas Gerais (SES-MG)<\/a>\u00a0convoca para a 8\u00aa Campanha Nacional de Seguimento contra o Sarampo, que acontece entre os dias 4 de abril a 3 de junho. Os trabalhadores da sa\u00fade tamb\u00e9m est\u00e3o no grupo priorit\u00e1rio para receber as doses. O dia D de mobiliza\u00e7\u00e3o ser\u00e1 em 30 de abril. A vacina \u00e9 gratuita e est\u00e1 dispon\u00edvel nas Unidades B\u00e1sicas de Sa\u00fade em todo o estado.<\/p>\n<p>O sarampo \u00e9 uma doen\u00e7a infecciosa, aguda, transmiss\u00edvel e extremamente contagiosa, podendo evoluir com complica\u00e7\u00f5es e \u00f3bito, particularmente em crian\u00e7as menores de um ano de idade. Por\u00e9m, \u00e9 preven\u00edvel por meio da administra\u00e7\u00e3o da vacina tr\u00edplice viral.<\/p>\n<p>A estrat\u00e9gia foi incorporada com o prop\u00f3sito de controlar surtos da doen\u00e7a, reduzir interna\u00e7\u00f5es, complica\u00e7\u00f5es e \u00f3bitos. O esquema vacinal prev\u00ea duas doses e protege contra sarampo, caxumba e rub\u00e9ola. Em 2021, a cobertura vacinal da primeira dose (D1) foi de 79,82% das crian\u00e7as com 12 meses de idade, e da segunda (D2) foi de 64,53% das crian\u00e7as com 15 meses de idade.<\/p>\n<p>Segundo a coordenadora Estadual do Programa de Imuniza\u00e7\u00f5es, Josianne Gusm\u00e3o, \u201ca vacina\u00e7\u00e3o contra o sarampo \u00e9 importante, pois permite interromper a circula\u00e7\u00e3o ativa do v\u00edrus no pa\u00eds, minimizar a carga da doen\u00e7a e proteger a popula\u00e7\u00e3o, al\u00e9m de reduzir sobrecarga sobre os servi\u00e7os de sa\u00fade em decorr\u00eancia de mais esse agravo\u201d.<\/p>\n<p>Ainda de acordo com a coordenadora, a mobiliza\u00e7\u00e3o vai ocorrer de forma simult\u00e2nea com a campanha de vacina\u00e7\u00e3o contra a Influenza. \u201cA vacina tr\u00edplice viral pode ser administrada simultaneamente com a vacina influenza a partir dos seis meses de idade\u201d, complementa.<\/p>\n<p><strong>Dados da doen\u00e7a<\/strong><\/p>\n<p>Segundo o Boletim Epidemiol\u00f3gico n\u00ba 53 do Minist\u00e9rio da Sa\u00fade, em 2021 foram confirmados 668 casos da doen\u00e7a no pa\u00eds. Em Minas Gerais, foram confirmados 160 casos em 2019 e 24 em 2020. De 2021 at\u00e9 o momento n\u00e3o foram notificados casos da doen\u00e7a no estado.<\/p>\n<p><u>Cronograma da campanha contra o sarampo<\/u><\/p>\n<p>&#8211; Etapa \u00fanica \u2013\u00a0 de 4\/4 a 3\/6:<br \/>\n&#8211; Crian\u00e7as de seis meses a menores de 5 anos de idade;<br \/>\n&#8211; Trabalhadores da sa\u00fade.<\/p>\n<p>Fonte: Ag\u00eancia Minas<\/p>\n","protected":false},"excerpt":{"rendered":"<p>Com o objetivo de vacinar indiscriminadamente crian\u00e7as de seis meses a menores de cinco anos de idade, mesmo aquelas que j\u00e1 tenham sido imunizadas contra a doen\u00e7a, a\u00a0Secretaria de Estado de Sa\u00fade de Minas Gerais (SES-MG)\u00a0convoca para a 8\u00aa Campanha Nacional de Seguimento contra o Sarampo, que acontece entre os dias 4 de abril a [&hellip;]<\/p>\n","protected":false},"author":246,"featured_media":197075,"comment_status":"closed","ping_status":"closed","sticky":false,"template":"","format":"standard","meta":{"footnotes":""},"categories":[436,254,439],"tags":[],"class_list":["post-197074","post","type-post","status-publish","format-standard","has-post-thumbnail","hentry","category-destaque-da-semana","category-politica","category-ultima-hora"],"_links":{"self":[{"href":"https:\/\/diarioregionaldigital.com.br\/index.php?rest_route=\/wp\/v2\/posts\/197074","targetHints":{"allow":["GET"]}}],"collection":[{"href":"https:\/\/diarioregionaldigital.com.br\/index.php?rest_route=\/wp\/v2\/posts"}],"about":[{"href":"https:\/\/diarioregionaldigital.com.br\/index.php?rest_route=\/wp\/v2\/types\/post"}],"author":[{"embeddable":true,"href":"https:\/\/diarioregionaldigital.com.br\/index.php?rest_route=\/wp\/v2\/users\/246"}],"replies":[{"embeddable":true,"href":"https:\/\/diarioregionaldigital.com.br\/index.php?rest_route=%2Fwp%2Fv2%2Fcomments&post=197074"}],"version-history":[{"count":2,"href":"https:\/\/diarioregionaldigital.com.br\/index.php?rest_route=\/wp\/v2\/posts\/197074\/revisions"}],"predecessor-version":[{"id":197077,"href":"https:\/\/diarioregionaldigital.com.br\/index.php?rest_route=\/wp\/v2\/posts\/197074\/revisions\/197077"}],"wp:featuredmedia":[{"embeddable":true,"href":"https:\/\/diarioregionaldigital.com.br\/index.php?rest_route=\/wp\/v2\/media\/197075"}],"wp:attachment":[{"href":"https:\/\/diarioregionaldigital.com.br\/index.php?rest_route=%2Fwp%2Fv2%2Fmedia&parent=197074"}],"wp:term":[{"taxonomy":"category","embeddable":true,"href":"https:\/\/diarioregionaldigital.com.br\/index.php?rest_route=%2Fwp%2Fv2%2Fcategories&post=197074"},{"taxonomy":"post_tag","embeddable":true,"href":"https:\/\/diarioregionaldigital.com.br\/index.php?rest_route=%2Fwp%2Fv2%2Ftags&post=197074"}],"curies":[{"name":"wp","href":"https:\/\/api.w.org\/{rel}","templated":true}]}}