{"id":197070,"date":"2022-04-01T17:51:01","date_gmt":"2022-04-01T20:51:01","guid":{"rendered":"https:\/\/diarioregionaldigital.com.br\/?p=197070"},"modified":"2022-04-01T17:51:01","modified_gmt":"2022-04-01T20:51:01","slug":"implantacao-de-pocos-profundos-em-comunidades-de-divinopolis-beneficiara-640-familias","status":"publish","type":"post","link":"https:\/\/diarioregionaldigital.com.br\/?p=197070","title":{"rendered":"Implanta\u00e7\u00e3o de po\u00e7os profundos em comunidades de Divin\u00f3polis beneficiar\u00e1 640 fam\u00edlias"},"content":{"rendered":"<p>O\u00a0<a href=\"https:\/\/www.mg.gov.br\/\" target=\"_blank\" rel=\"noopener\">Governo de Minas<\/a>\u00a0deu in\u00edcio, nesta quinta-feira (31\/3), \u00e0 perfura\u00e7\u00e3o de po\u00e7os tubulares profundos no munic\u00edpio de Divin\u00f3polis, regi\u00e3o Central do Estado. As obras fazem parte das a\u00e7\u00f5es e programas de saneamento desenvolvidos pela<a title=\"http:\/\/www.meioambiente.mg.gov.br\/\" href=\"http:\/\/www.meioambiente.mg.gov.br\/\" target=\"_blank\" rel=\"noopener noreferrer\" data-auth=\"NotApplicable\" data-linkindex=\"1\">\u00a0Secretaria de Estado de Meio Ambiente e Desenvolvimento Sustent\u00e1vel (Semad)<\/a><a href=\"http:\/\/www.meioambiente.mg.gov.br\/\" target=\"_blank\" rel=\"noopener\">\u00a0<\/a>e pretendem ampliar a disponibilidade de \u00e1gua pot\u00e1vel para os moradores das localidades de Perobas e C\u00f3rrego do Paiol, beneficiando cerca de 640 fam\u00edlias.<\/p>\n<p>A perfura\u00e7\u00e3o dos po\u00e7os em Divin\u00f3polis refor\u00e7ar\u00e1 o acesso de comunidades rurais \u00e0 \u00e1gua pot\u00e1vel de qualidade, fortalecendo a pol\u00edtica de abastecimento de \u00e1gua no estado. O trabalho de perfura\u00e7\u00e3o em Divin\u00f3polis teve in\u00edcio na comunidade de C\u00f3rrego do Paiol, onde ser\u00e3o realizados os primeiros testes de vaz\u00e3o e de qualidade da \u00e1gua para, posteriormente, serem instalados o reservat\u00f3rio e redes adutoras e de distribui\u00e7\u00e3o que ir\u00e3o atender \u00e0 localidade.<br \/>\n<br aria-hidden=\"true\" \/>Divin\u00f3polis foi o 17\u00ba munic\u00edpio mineiro a ser contemplado pelo programa, que j\u00e1 teve as obras iniciadas em Moeda, Ouro Branco, Diogo de Vasconcelos, Capela Nova, Ponte Nova, Bom Jesus do Amparo, Ant\u00f4nio Dias, S\u00e3o Jos\u00e9 do Goiabal, Pocrane, Bra\u00fanas, Nepomuceno, Carmo do Cajuru, Varzel\u00e2ndia, S\u00e3o Jo\u00e3o das Miss\u00f5es e Carbonita. A expectativa \u00e9 de que at\u00e9 o final do ano, 44 munic\u00edpios recebam a perfura\u00e7\u00e3o de po\u00e7os tubulares profundos.<br \/>\n<br aria-hidden=\"true\" \/>A a\u00e7\u00e3o tem como foco principal trazer melhoria na qualidade de vida das popula\u00e7\u00f5es rurais e corrigir o d\u00e9ficit em sistemas de abastecimento de \u00e1gua.<\/p>\n<p><strong>\u00c1gua de qualidade<\/strong><br \/>\n<br aria-hidden=\"true\" \/>O Programa de Implanta\u00e7\u00e3o dos Sistemas de Abastecimento de \u00c1gua \u00e9 realizado em parceria com a\u00a0<a title=\"https:\/\/www.mg.gov.br\/instituicao_unidade\/companhia-de-saneamento-de-minas-gerais-copasa\" href=\"https:\/\/www.mg.gov.br\/instituicao_unidade\/companhia-de-saneamento-de-minas-gerais-copasa\" target=\"_blank\" rel=\"noopener noreferrer\" data-auth=\"NotApplicable\" data-linkindex=\"2\">Companhia de Saneamento de Minas Gerais (Copasa)<\/a>, por Termo de Coopera\u00e7\u00e3o T\u00e9cnica, e prev\u00ea a perfura\u00e7\u00e3o de cem po\u00e7os tubulares em todo estado de Minas Gerais. \u201cA a\u00e7\u00e3o promovida pela Semad tem como foco principal caminhar junto \u00e0s diretrizes do novo Marco Legal do Saneamento, de forma a subsidiar a\u00e7\u00f5es que garantam o acesso \u00e0 \u00e1gua pot\u00e1vel em comunidades rurais de Minas, elevando significativamente os \u00edndices de abastecimento\u201d, frisou a superintendente de Saneamento Lilia Castro.<br \/>\n<br aria-hidden=\"true\" \/>Para o subsecret\u00e1rio de Gest\u00e3o Ambiental e Saneamento, Rodrigo Franco, a a\u00e7\u00e3o \u00e9 de suma import\u00e2ncia, pois ir\u00e1 fortalecer diretamente cerca de 420 locais com acesso \u00e0 \u00e1gua pot\u00e1vel de qualidade na comunidade rural c\u00f3rrego do Paiol. \u201c\u00c9 fundamental esse investimento em solu\u00e7\u00f5es t\u00e9cnicas de capta\u00e7\u00e3o de \u00e1gua subterr\u00e2nea para abastecimento das comunidades rurais em Minas Gerais\u201d, disse.<br \/>\n<br aria-hidden=\"true\" \/>O conv\u00eanio entre Semad e Copasa teve in\u00edcio em 2020 com a assinatura de \u00a0termo de coopera\u00e7\u00e3o t\u00e9cnica entre os dois \u00f3rg\u00e3os. A partir da parceria, foi desenvolvido o Edital Semad 001\/2020, que contou com a inscri\u00e7\u00e3o de cerca de 400 munic\u00edpios do Estado, dos quais 44 atenderam os crit\u00e9rios t\u00e9cnicos previstos no edital sendo contemplados para a perfura\u00e7\u00e3o de po\u00e7os tubulares profundos, a\u00e7\u00e3o que visa refor\u00e7ar o abastecimento de \u00e1gua em comunidades carentes dos munic\u00edpios mineiros.<\/p>\n<p>O acompanhamento do in\u00edcio das atividades no munic\u00edpio contou com a presen\u00e7a do subsecret\u00e1rio de Gest\u00e3o Ambiental e Saneamento, Rodrigo Franco; do diretor de Abastecimento de \u00c1gua e Esgoto, Kleynner Lopes; da superintendente de Saneamento B\u00e1sico Lilia Castro, ambos da Semad, e do prefeito de Divin\u00f3polis, Gleidson Azevedo.<\/p>\n<p>Fonte: Ag\u00eancia Minas<\/p>\n","protected":false},"excerpt":{"rendered":"<p>O\u00a0Governo de Minas\u00a0deu in\u00edcio, nesta quinta-feira (31\/3), \u00e0 perfura\u00e7\u00e3o de po\u00e7os tubulares profundos no munic\u00edpio de Divin\u00f3polis, regi\u00e3o Central do Estado. As obras fazem parte das a\u00e7\u00f5es e programas de saneamento desenvolvidos pela\u00a0Secretaria de Estado de Meio Ambiente e Desenvolvimento Sustent\u00e1vel (Semad)\u00a0e pretendem ampliar a disponibilidade de \u00e1gua pot\u00e1vel para os moradores das localidades de [&hellip;]<\/p>\n","protected":false},"author":246,"featured_media":197071,"comment_status":"closed","ping_status":"closed","sticky":false,"template":"","format":"standard","meta":{"footnotes":""},"categories":[436,254,439],"tags":[],"class_list":["post-197070","post","type-post","status-publish","format-standard","has-post-thumbnail","hentry","category-destaque-da-semana","category-politica","category-ultima-hora"],"_links":{"self":[{"href":"https:\/\/diarioregionaldigital.com.br\/index.php?rest_route=\/wp\/v2\/posts\/197070","targetHints":{"allow":["GET"]}}],"collection":[{"href":"https:\/\/diarioregionaldigital.com.br\/index.php?rest_route=\/wp\/v2\/posts"}],"about":[{"href":"https:\/\/diarioregionaldigital.com.br\/index.php?rest_route=\/wp\/v2\/types\/post"}],"author":[{"embeddable":true,"href":"https:\/\/diarioregionaldigital.com.br\/index.php?rest_route=\/wp\/v2\/users\/246"}],"replies":[{"embeddable":true,"href":"https:\/\/diarioregionaldigital.com.br\/index.php?rest_route=%2Fwp%2Fv2%2Fcomments&post=197070"}],"version-history":[{"count":2,"href":"https:\/\/diarioregionaldigital.com.br\/index.php?rest_route=\/wp\/v2\/posts\/197070\/revisions"}],"predecessor-version":[{"id":197073,"href":"https:\/\/diarioregionaldigital.com.br\/index.php?rest_route=\/wp\/v2\/posts\/197070\/revisions\/197073"}],"wp:featuredmedia":[{"embeddable":true,"href":"https:\/\/diarioregionaldigital.com.br\/index.php?rest_route=\/wp\/v2\/media\/197071"}],"wp:attachment":[{"href":"https:\/\/diarioregionaldigital.com.br\/index.php?rest_route=%2Fwp%2Fv2%2Fmedia&parent=197070"}],"wp:term":[{"taxonomy":"category","embeddable":true,"href":"https:\/\/diarioregionaldigital.com.br\/index.php?rest_route=%2Fwp%2Fv2%2Fcategories&post=197070"},{"taxonomy":"post_tag","embeddable":true,"href":"https:\/\/diarioregionaldigital.com.br\/index.php?rest_route=%2Fwp%2Fv2%2Ftags&post=197070"}],"curies":[{"name":"wp","href":"https:\/\/api.w.org\/{rel}","templated":true}]}}