{"id":197067,"date":"2022-04-01T17:49:02","date_gmt":"2022-04-01T20:49:02","guid":{"rendered":"https:\/\/diarioregionaldigital.com.br\/?p=197067"},"modified":"2022-04-01T17:49:02","modified_gmt":"2022-04-01T20:49:02","slug":"mulheres-que-cumprem-pena-em-juiz-de-fora-se-especializam-em-jardinagem-e-contribuem-com-a-manutencao-do-verde-na-cidade","status":"publish","type":"post","link":"https:\/\/diarioregionaldigital.com.br\/?p=197067","title":{"rendered":"Mulheres que cumprem pena em Juiz de Fora se especializam em jardinagem e contribuem com a manuten\u00e7\u00e3o do verde na cidade"},"content":{"rendered":"<p>Plantando e colhendo um novo futuro. Essa \u00e9 a atual perspectiva de detentas e detentos da Penitenci\u00e1ria de Juiz de Fora I \u2013 Jos\u00e9 Edson Cavalieri &#8211; que est\u00e3o trabalhando no programa de zeladoria chamado Boniteza, em Juiz de Fora, na Zona da Mata. Vinte mulheres que cumprem pena est\u00e3o trabalhando no Horto Florestal da cidade produzindo mudas que s\u00e3o plantadas nos canteiros das ruas, avenidas, parques e pra\u00e7as do munic\u00edpio. Do lado de fora, s\u00e3o os homens que cuidam dos espa\u00e7os p\u00fablicos da cidade, fazendo servi\u00e7os de capina, ro\u00e7ada, varri\u00e7\u00e3o e limpeza em geral; treze custodiados est\u00e3o inseridos nesta parte do projeto.<\/p>\n<p>Em dezembro, o Horto Florestal produziu pouco mais de 800 mudas. J\u00e1 em janeiro, ap\u00f3s o in\u00edcio da parceria, 12 mil mudas foram produzidas. Aumento expressivo que n\u00e3o seria poss\u00edvel sem o apoio das acauteladas. A proposta \u00e9 trazer mais mulheres do sistema prisional para o projeto e, \u00e0 medida em que as atividades avancem, elas possam executar trabalhos externos, como na manuten\u00e7\u00e3o e execu\u00e7\u00e3o de projetos de canteiros, pra\u00e7as e jardins.<\/p>\n<p>\u201cSabemos que \u00e0s mulheres presas faltam muitas oportunidades. E o projeto Boniteza veio com essa proposta de ensinar a plantar mudas e cuidar de plantas, que depois ser\u00e3o usadas para embelezar nossa cidade. A import\u00e2ncia dessa parceria com a prefeitura se mostra quando conseguimos inserir novamente essa pessoa na sociedade, com dignidade e, principalmente, sem exclus\u00e3o. Ela se torna funcion\u00e1ria e consegue ter uma rela\u00e7\u00e3o de trabalho. Isso gera a possibilidade de sonhar e se refazer. Elas tamb\u00e9m incentivam suas colegas de cela, melhorando o comportamento de todas, al\u00e9m de ajudar na disciplina da unidade\u201d, pontua a diretora de Atendimento da penitenci\u00e1ria, Lucinda Tavares.<\/p>\n<p>As 20 mulheres custodiadas trabalham para a Empresa Municipal de Pavimenta\u00e7\u00e3o e Urbaniza\u00e7\u00e3o (Empav). No Horto Florestal, localizado no bairro S\u00e3o Benedito, elas trabalham no cultivo de plantas e ervas medicinais e ornamentais, produ\u00e7\u00e3o de mudas de \u00e1rvores e na manuten\u00e7\u00e3o e limpeza das \u00e1reas externas do horto. Todo o trabalho \u00e9 feito com a orienta\u00e7\u00e3o do supervisor do local, Filipe Paiva.<\/p>\n<p>C\u00e1tia Mendes, 50 anos, \u00e9 uma das detentas envolvidas no Boniteza. Ela, que est\u00e1 h\u00e1 12 anos presa, conta como o trabalho mudou tudo em sua vida. \u201c\u00c9 uma oportunidade \u00fanica que eu agrade\u00e7o muito por ter recebido. Eu nunca imaginei que fosse fazer algo assim, cuidar de plantas, mexer com a terra, conhecer os nomes. \u00a0Estou aprendendo muito e o trabalho est\u00e1 trazendo um novo significado para a minha vida. Eu comecei a ver o mundo de outra forma. Quero sair e ter uma nova vida, com o trabalho eu vejo que sou capaz de mudar o rumo da minha vida\u201d.<\/p>\n<p><strong>Demlurb<\/strong><\/p>\n<p>A outra parte da parceria, em que atuam os detentos do sexo masculino, \u00e9 feita com o Departamento Municipal de Limpeza Urbana (Demlurb). Atualmente, s\u00e3o 13 presos, mas a inten\u00e7\u00e3o \u00e9 que esse n\u00famero chegue a 30 custodiados.<\/p>\n<p>\u201cDesde o ano passado, o Demlurb j\u00e1 vinha conversando com a\u00a0<a href=\"http:\/\/www.seguranca.mg.gov.br\/\" target=\"_blank\" rel=\"noopener\">Secretaria de Estado de Justi\u00e7a e Seguran\u00e7a P\u00fablica (Sejusp)<\/a>\u00a0no sentido de formalizarmos um conv\u00eanio que pudesse viabilizar o trabalho de pessoas privadas de liberdade no programa Boniteza. Sendo assim, realizamos, em dezembro do ano passado, a assinatura do conv\u00eanio por meio de um Termo de Parceria, com a presen\u00e7a de v\u00e1rias autoridades do munic\u00edpio e do estado\u201d, acrescenta a diretora-geral do Demlurb, Gisele Pereira Teixeira.<\/p>\n<p>Fonte: Ag\u00eancia Minas<\/p>\n","protected":false},"excerpt":{"rendered":"<p>Plantando e colhendo um novo futuro. Essa \u00e9 a atual perspectiva de detentas e detentos da Penitenci\u00e1ria de Juiz de Fora I \u2013 Jos\u00e9 Edson Cavalieri &#8211; que est\u00e3o trabalhando no programa de zeladoria chamado Boniteza, em Juiz de Fora, na Zona da Mata. Vinte mulheres que cumprem pena est\u00e3o trabalhando no Horto Florestal da [&hellip;]<\/p>\n","protected":false},"author":246,"featured_media":197068,"comment_status":"closed","ping_status":"closed","sticky":false,"template":"","format":"standard","meta":{"footnotes":""},"categories":[436,254,439],"tags":[],"class_list":["post-197067","post","type-post","status-publish","format-standard","has-post-thumbnail","hentry","category-destaque-da-semana","category-politica","category-ultima-hora"],"_links":{"self":[{"href":"https:\/\/diarioregionaldigital.com.br\/index.php?rest_route=\/wp\/v2\/posts\/197067","targetHints":{"allow":["GET"]}}],"collection":[{"href":"https:\/\/diarioregionaldigital.com.br\/index.php?rest_route=\/wp\/v2\/posts"}],"about":[{"href":"https:\/\/diarioregionaldigital.com.br\/index.php?rest_route=\/wp\/v2\/types\/post"}],"author":[{"embeddable":true,"href":"https:\/\/diarioregionaldigital.com.br\/index.php?rest_route=\/wp\/v2\/users\/246"}],"replies":[{"embeddable":true,"href":"https:\/\/diarioregionaldigital.com.br\/index.php?rest_route=%2Fwp%2Fv2%2Fcomments&post=197067"}],"version-history":[{"count":1,"href":"https:\/\/diarioregionaldigital.com.br\/index.php?rest_route=\/wp\/v2\/posts\/197067\/revisions"}],"predecessor-version":[{"id":197069,"href":"https:\/\/diarioregionaldigital.com.br\/index.php?rest_route=\/wp\/v2\/posts\/197067\/revisions\/197069"}],"wp:featuredmedia":[{"embeddable":true,"href":"https:\/\/diarioregionaldigital.com.br\/index.php?rest_route=\/wp\/v2\/media\/197068"}],"wp:attachment":[{"href":"https:\/\/diarioregionaldigital.com.br\/index.php?rest_route=%2Fwp%2Fv2%2Fmedia&parent=197067"}],"wp:term":[{"taxonomy":"category","embeddable":true,"href":"https:\/\/diarioregionaldigital.com.br\/index.php?rest_route=%2Fwp%2Fv2%2Fcategories&post=197067"},{"taxonomy":"post_tag","embeddable":true,"href":"https:\/\/diarioregionaldigital.com.br\/index.php?rest_route=%2Fwp%2Fv2%2Ftags&post=197067"}],"curies":[{"name":"wp","href":"https:\/\/api.w.org\/{rel}","templated":true}]}}